{"id":101282,"date":"2016-12-05T17:25:47","date_gmt":"2016-12-05T19:25:47","guid":{"rendered":"http:\/\/www.redenoticia.com.br\/noticia\/?p=101282"},"modified":"2016-12-05T17:59:47","modified_gmt":"2016-12-05T19:59:47","slug":"novela-cheias-de-charme-resumo-0612-elano-quer-desmascarar-conrado","status":"publish","type":"post","link":"https:\/\/migracao.redenoticia.com.br\/noticia\/2016\/novela-cheias-de-charme-resumo-0612-elano-quer-desmascarar-conrado\/101282","title":{"rendered":"Novela \u201cCheias de Charme\u201d resumo 06\/12: Elano quer desmascarar Conrado"},"content":{"rendered":"<p><img loading=\"lazy\" decoding=\"async\" class=\"alignleft size-thumbnail wp-image-95548\" src=\"https:\/\/migracao.redenoticia.com.br\/noticia\/imagens\/cheias-de-charme-novela-globo-internacional-resumo-proximo-capitulo-150x112.jpg\" alt=\"cheias-de-charme-novela-globo-internacional-resumo-proximo-capitulo\" width=\"150\" height=\"112\" \/><strong><em>Novela \u201cCheias de Charme\u201d resumo 06\/12<\/em><\/strong>:\u00a0Elano fica perplexo ao ouvir Sarmento falar para Conrado que vai desviar dinheiro da construtora de Otto. Quando est\u00e1 com Cida, Elano n\u00e3o consegue declarar o seu amor por ela, mas garante que vai desmascarar Conrado. Mais tarde, Elano procura Lygia e conta o que ouviu no escrit\u00f3rio. <\/p>\n<p>No cap\u00edtulo 057(*), novela \u201cCheias de Charme\u201d, ter\u00e7a-feira, 06 de dezembro \u2013 Samuel conta para Lygia que foi flagrado por Penha vendendo o gabarito de uma prova. Ros\u00e1rio pede mais uma chance para In\u00e1cio. La\u00e9rcio sofre ao ver Chayene com Arruda. Lygia e Alejandro convidam Penha para jantar.<\/p>\n<p>Elano n\u00e3o consegue se declarar para Cida. Socorro esconde Naldo de La\u00e9rcio. Elano garante a Cida que vai desmascarar Conrado. Penha prop\u00f5e um brinde \u00e0 fam\u00edlia de Lygia. Sandro pede para Alana levar Patrick ao dentista. Arruda comenta com Chayene que Fabian far\u00e1 um show em uma conven\u00e7\u00e3o. Tom e Simone ficam satisfeitos ao saber que Ros\u00e1rio terminou seu namoro. Ros\u00e1rio fala de Elano com Cida.<\/p>\n<p>Penha descobre por Patrick que Sandro viajou. Elano conta para Lygia sobre a conversa que ouviu entre Sarmento e Conrado. La\u00e9rcio fica apreensivo com o que Chayene pretende falar na reuni\u00e3o da Liga das Patroas. Samuel pergunta sobre seu pai para Lygia. Fabian procura Ros\u00e1rio.<\/p>\n<p>(*) edi\u00e7\u00e3o da Rede Globo, Novela \u201cCheias de Charme\u201d, sujeito a altera\u00e7\u00e3o de data e conte\u00fado.<\/p>\n","protected":false},"excerpt":{"rendered":"<p>Novela \u201cCheias de Charme\u201d resumo 06\/12:\u00a0Elano fica perplexo ao ouvir Sarmento falar para Conrado que vai desviar dinheiro da construtora de Otto. Quando est\u00e1 com Cida, Elano n\u00e3o consegue declarar o seu amor por ela, mas garante que vai desmascarar Conrado. Mais tarde, Elano procura Lygia e conta o que ouviu no escrit\u00f3rio. No cap\u00edtulo [&hellip;]<\/p>\n","protected":false},"author":4,"featured_media":95548,"comment_status":"open","ping_status":"closed","sticky":false,"template":"","format":"standard","meta":{"tdm_status":"","tdm_grid_status":"","footnotes":""},"categories":[379,375,343],"tags":[441],"class_list":{"0":"post-101282","1":"post","2":"type-post","3":"status-publish","4":"format-standard","5":"has-post-thumbnail","7":"category-novelas","8":"category-rede-globo","9":"category-televisao","10":"tag-resumo-do-dia"},"_links":{"self":[{"href":"https:\/\/migracao.redenoticia.com.br\/noticia\/wp-json\/wp\/v2\/posts\/101282","targetHints":{"allow":["GET"]}}],"collection":[{"href":"https:\/\/migracao.redenoticia.com.br\/noticia\/wp-json\/wp\/v2\/posts"}],"about":[{"href":"https:\/\/migracao.redenoticia.com.br\/noticia\/wp-json\/wp\/v2\/types\/post"}],"author":[{"embeddable":true,"href":"https:\/\/migracao.redenoticia.com.br\/noticia\/wp-json\/wp\/v2\/users\/4"}],"replies":[{"embeddable":true,"href":"https:\/\/migracao.redenoticia.com.br\/noticia\/wp-json\/wp\/v2\/comments?post=101282"}],"version-history":[{"count":0,"href":"https:\/\/migracao.redenoticia.com.br\/noticia\/wp-json\/wp\/v2\/posts\/101282\/revisions"}],"wp:featuredmedia":[{"embeddable":true,"href":"https:\/\/migracao.redenoticia.com.br\/noticia\/wp-json\/wp\/v2\/media\/95548"}],"wp:attachment":[{"href":"https:\/\/migracao.redenoticia.com.br\/noticia\/wp-json\/wp\/v2\/media?parent=101282"}],"wp:term":[{"taxonomy":"category","embeddable":true,"href":"https:\/\/migracao.redenoticia.com.br\/noticia\/wp-json\/wp\/v2\/categories?post=101282"},{"taxonomy":"post_tag","embeddable":true,"href":"https:\/\/migracao.redenoticia.com.br\/noticia\/wp-json\/wp\/v2\/tags?post=101282"}],"curies":[{"name":"wp","href":"https:\/\/api.w.org\/{rel}","templated":true}]}}