{"id":101296,"date":"2016-12-05T16:25:25","date_gmt":"2016-12-05T18:25:25","guid":{"rendered":"http:\/\/www.redenoticia.com.br\/noticia\/?p=101296"},"modified":"2016-12-05T17:56:07","modified_gmt":"2016-12-05T19:56:07","slug":"novela-querida-inimiga-resumo-0612-alonso-e-drogado","status":"publish","type":"post","link":"https:\/\/migracao.redenoticia.com.br\/noticia\/2016\/novela-querida-inimiga-resumo-0612-alonso-e-drogado\/101296","title":{"rendered":"Novela \u201cQuerida Inimiga\u201d resumo 06\/12: Bruno \u00e9 nomeado chefe dos m\u00e9dicos"},"content":{"rendered":"<p><img loading=\"lazy\" decoding=\"async\" class=\"alignleft size-thumbnail wp-image-99744\" src=\"https:\/\/migracao.redenoticia.com.br\/noticia\/imagens\/querida_inimiga_resumo_novela_SBT-150x112.jpg\" alt=\"querida_inimiga_resumo_novela_sbt\" width=\"150\" height=\"112\" srcset=\"https:\/\/migracao.redenoticia.com.br\/noticia\/imagens\/querida_inimiga_resumo_novela_SBT-150x112.jpg 150w, https:\/\/migracao.redenoticia.com.br\/noticia\/imagens\/querida_inimiga_resumo_novela_SBT-265x198.jpg 265w\" sizes=\"auto, (max-width: 150px) 100vw, 150px\" \/><strong><em>Novela \u201cQuerida Inimiga\u201d resumo 06\/12<\/em><\/strong>: Alonso trabalha em seu plant\u00e3o e dorme. Depois, Valeria comenta com Alonso que, pela forma como estava a dormir, parecia drogado.\u00a0Em casa, Alonso diz a Toribio que n\u00e3o entende o que ocorreu, j\u00e1 que nunca havia dormido daquele jeito. Mais tarde, a doutora Noemi diz a Alonso que ele cometeu uma falta muito grande por ter dormido dentro do per\u00edodo de seu plant\u00e3o e, assim, perde a oportunidade que lhe havia pedido para ser o chefe dos m\u00e9dicos. Alonso sai triste da sala de Noemi e Bruno \u00e9 nomeado chefe dos m\u00e9dicos. <\/p>\n<p>No cap\u00edtulo 015(*), novela \u201cQuerida Inimiga\u201d, ter\u00e7a-feira, 06 de dezembro \u2013 Jaqueline furiosa reclama com Sara por ter roubado seus arquivos, j\u00e1 que o menu de Hort\u00eancia foi todo copiado do seu. Zulema diz a Lorena que ela lhe inspira muita confian\u00e7a. Lorena pede que Juliano fale com Rose, j\u00e1 que n\u00e3o \u00e9 justo que terminem por um mal entendido. Ele responde que \u00e9 Rose quem deve pedir perd\u00e3o. Alonso diz a Toribio que n\u00e3o entende o que ocorreu, j\u00e1 que nunca havia dormido daquele jeito.<\/p>\n<p>Lorena envia uma carta a Maria e outra a Rose, para que assim resolvam suas diferen\u00e7as e vivam em paz. A doutora Noemi diz a Alonso que ele cometeu uma falta muito grande por ter dormido dentro do per\u00edodo de seu plant\u00e3o, e assim perder\u00e1 a oportunidade que lhe havia pedido para ser o chefe dos m\u00e9dicos. Alonso sai triste da sala de Noemi e Bruno \u00e9 nomeado chefe dos m\u00e9dicos. Rose e Maria se abra\u00e7am felizes e agradecem Lorena pelo que fez, Lorena responde que tinha de fazer algo para que elas voltassem a se falar, pois n\u00e3o queria mais v\u00ea-las brigadas. Juliano vai \u00e0 casa de Rose esclarecer as coisas.<\/p>\n<p>Ela pede perd\u00e3o e diz que reconhece que passou do ponto, mas o fez por acreditar que Juliano estava olhando outra mulher. Juliano responde que s\u00f3 ama a ela. Bruno diz a Zulema e Omar que se encarregar\u00e1 dos gastos do beb\u00ea, mas n\u00e3o se casar\u00e1 com Diana. Lorena procura Sara e, emocionada, a diz que j\u00e1 sabe quem s\u00e3o seus pais. B\u00e1rbara pede a Vasco que volte para a casa, mas ele prontamente se nega. Sara diz a Lalo que Lorena j\u00e1 descobriu a verdade, ent\u00e3o eles precisam mat\u00e1-la.<\/p>\n<p>(*) edi\u00e7\u00e3o do SBT, Novela \u201cQuerida Inimiga\u201d, sujeito a altera\u00e7\u00e3o de data e conte\u00fado.<\/p>\n","protected":false},"excerpt":{"rendered":"<p>Novela \u201cQuerida Inimiga\u201d resumo 06\/12: Alonso trabalha em seu plant\u00e3o e dorme. Depois, Valeria comenta com Alonso que, pela forma como estava a dormir, parecia drogado.\u00a0Em casa, Alonso diz a Toribio que n\u00e3o entende o que ocorreu, j\u00e1 que nunca havia dormido daquele jeito. Mais tarde, a doutora Noemi diz a Alonso que ele cometeu [&hellip;]<\/p>\n","protected":false},"author":4,"featured_media":99744,"comment_status":"open","ping_status":"closed","sticky":false,"template":"","format":"standard","meta":{"tdm_status":"","tdm_grid_status":"","footnotes":""},"categories":[379,372,343],"tags":[441],"class_list":{"0":"post-101296","1":"post","2":"type-post","3":"status-publish","4":"format-standard","5":"has-post-thumbnail","7":"category-novelas","8":"category-sbt","9":"category-televisao","10":"tag-resumo-do-dia"},"_links":{"self":[{"href":"https:\/\/migracao.redenoticia.com.br\/noticia\/wp-json\/wp\/v2\/posts\/101296","targetHints":{"allow":["GET"]}}],"collection":[{"href":"https:\/\/migracao.redenoticia.com.br\/noticia\/wp-json\/wp\/v2\/posts"}],"about":[{"href":"https:\/\/migracao.redenoticia.com.br\/noticia\/wp-json\/wp\/v2\/types\/post"}],"author":[{"embeddable":true,"href":"https:\/\/migracao.redenoticia.com.br\/noticia\/wp-json\/wp\/v2\/users\/4"}],"replies":[{"embeddable":true,"href":"https:\/\/migracao.redenoticia.com.br\/noticia\/wp-json\/wp\/v2\/comments?post=101296"}],"version-history":[{"count":0,"href":"https:\/\/migracao.redenoticia.com.br\/noticia\/wp-json\/wp\/v2\/posts\/101296\/revisions"}],"wp:featuredmedia":[{"embeddable":true,"href":"https:\/\/migracao.redenoticia.com.br\/noticia\/wp-json\/wp\/v2\/media\/99744"}],"wp:attachment":[{"href":"https:\/\/migracao.redenoticia.com.br\/noticia\/wp-json\/wp\/v2\/media?parent=101296"}],"wp:term":[{"taxonomy":"category","embeddable":true,"href":"https:\/\/migracao.redenoticia.com.br\/noticia\/wp-json\/wp\/v2\/categories?post=101296"},{"taxonomy":"post_tag","embeddable":true,"href":"https:\/\/migracao.redenoticia.com.br\/noticia\/wp-json\/wp\/v2\/tags?post=101296"}],"curies":[{"name":"wp","href":"https:\/\/api.w.org\/{rel}","templated":true}]}}