{"id":101344,"date":"2016-12-06T06:31:53","date_gmt":"2016-12-06T08:31:53","guid":{"rendered":"http:\/\/www.redenoticia.com.br\/noticia\/?p=101344"},"modified":"2016-12-05T19:32:33","modified_gmt":"2016-12-05T21:32:33","slug":"fapesp-e-cstc-anunciam-chamada-de-propostas","status":"publish","type":"post","link":"https:\/\/migracao.redenoticia.com.br\/noticia\/2016\/fapesp-e-cstc-anunciam-chamada-de-propostas\/101344","title":{"rendered":"FAPESP e CSTC anunciam chamada de propostas"},"content":{"rendered":"<p> Ag\u00eancia FAPESP \u2013 A FAPESP e o Cognitive Science and Technology Council (CSTC) do Ir\u00e3 anunciam uma nova chamada para selecionar e apoiar projetos de pesquisa colaborativos. A chamada est\u00e1 aberta a pesquisadores interessados, afiliados a institui\u00e7\u00f5es de ensino superior e de pesquisa no Ir\u00e3 e no Estado de S\u00e3o Paulo, no campo de <strong><em>estudos interdisciplinares em c\u00e9rebro e cogni\u00e7\u00e3o<\/em><\/strong>.<\/p>\n<p>O objetivo do CSTS e da FAPESP com a chamada \u00e9 estabelecer e fortalecer colabora\u00e7\u00f5es entre grupos interdisciplinares de pesquisadores iranianos e brasileiros que proponham projetos colaborativos em \u00e1reas de fronteira da ci\u00eancia e tecnologia bem como a transfer\u00eancia e o desenvolvimento de servi\u00e7os e ferramentas cognitivas para os dois pa\u00edses.<\/p>\n<p>Os temas de pesquisa inclu\u00eddos na chamada s\u00e3o: Mapeamento do C\u00e9rebro Humano; Ferramentas e Servi\u00e7os em Reabilita\u00e7\u00e3o e Avalia\u00e7\u00e3o Cognitiva; Desenvolvimento de Ferramentas de Interface Cerebral em 4D (Temporal, El\u00e9trico, Qu\u00edmico e \u00d3ptico); Estudos em Educa\u00e7\u00e3o sobre o C\u00e9rebro e Cogni\u00e7\u00e3o; e Cogni\u00e7\u00e3o Social.<\/p>\n<p>Como regra geral, o financiamento dos projetos selecionados se dar\u00e1 por per\u00edodo de at\u00e9 dois anos, com contribui\u00e7\u00e3o balanceada de cada ag\u00eancia. At\u00e9 tr\u00eas projetos ser\u00e3o financiados. As submiss\u00f5es devem incluir um plano de pesquisa conjunto escrito pelos interessados no Ir\u00e3 e no Estado de S\u00e3o Paulo. O plano de pesquisa deve conter descri\u00e7\u00e3o clara da colabora\u00e7\u00e3o planejada e o valor resultante esperado da colabora\u00e7\u00e3o. O plano de pesquisa deve incluir or\u00e7amentos conjuntos e separados para os parceiros dos dois lados.<\/p>\n<p>Para os candidatos no Estado de S\u00e3o Paulo, as propostas devem ser submetidas \u00e0 FAPESP na modalidade Aux\u00edlio \u00e0 Pesquisa \u2013 Regular. No Ir\u00e3, as propostas devem seguir o quinto an\u00fancio para projetos de pesquisa do CSTC.<\/p>\n<p>Propostas ser\u00e3o recebidas at\u00e9 21 de fevereiro de 2017.<\/p>\n<p>A chamada est\u00e1 publicada em: <\/p>\n","protected":false},"excerpt":{"rendered":"<p>Ag\u00eancia FAPESP \u2013 A FAPESP e o Cognitive Science and Technology Council (CSTC) do Ir\u00e3 anunciam uma nova chamada para selecionar e apoiar projetos de pesquisa colaborativos. A chamada est\u00e1 aberta a pesquisadores interessados, afiliados a institui\u00e7\u00f5es de ensino superior e de pesquisa no Ir\u00e3 e no Estado de S\u00e3o Paulo, no campo de estudos [&hellip;]<\/p>\n","protected":false},"author":2,"featured_media":28951,"comment_status":"open","ping_status":"closed","sticky":false,"template":"","format":"standard","meta":{"tdm_status":"","tdm_grid_status":"","footnotes":""},"categories":[22,370,353],"tags":[],"class_list":{"0":"post-101344","1":"post","2":"type-post","3":"status-publish","4":"format-standard","5":"has-post-thumbnail","7":"category-brasil","8":"category-inscricao","9":"category-oportunidades"},"_links":{"self":[{"href":"https:\/\/migracao.redenoticia.com.br\/noticia\/wp-json\/wp\/v2\/posts\/101344","targetHints":{"allow":["GET"]}}],"collection":[{"href":"https:\/\/migracao.redenoticia.com.br\/noticia\/wp-json\/wp\/v2\/posts"}],"about":[{"href":"https:\/\/migracao.redenoticia.com.br\/noticia\/wp-json\/wp\/v2\/types\/post"}],"author":[{"embeddable":true,"href":"https:\/\/migracao.redenoticia.com.br\/noticia\/wp-json\/wp\/v2\/users\/2"}],"replies":[{"embeddable":true,"href":"https:\/\/migracao.redenoticia.com.br\/noticia\/wp-json\/wp\/v2\/comments?post=101344"}],"version-history":[{"count":0,"href":"https:\/\/migracao.redenoticia.com.br\/noticia\/wp-json\/wp\/v2\/posts\/101344\/revisions"}],"wp:featuredmedia":[{"embeddable":true,"href":"https:\/\/migracao.redenoticia.com.br\/noticia\/wp-json\/wp\/v2\/media\/28951"}],"wp:attachment":[{"href":"https:\/\/migracao.redenoticia.com.br\/noticia\/wp-json\/wp\/v2\/media?parent=101344"}],"wp:term":[{"taxonomy":"category","embeddable":true,"href":"https:\/\/migracao.redenoticia.com.br\/noticia\/wp-json\/wp\/v2\/categories?post=101344"},{"taxonomy":"post_tag","embeddable":true,"href":"https:\/\/migracao.redenoticia.com.br\/noticia\/wp-json\/wp\/v2\/tags?post=101344"}],"curies":[{"name":"wp","href":"https:\/\/api.w.org\/{rel}","templated":true}]}}