{"id":101348,"date":"2016-12-06T06:34:22","date_gmt":"2016-12-06T08:34:22","guid":{"rendered":"http:\/\/www.redenoticia.com.br\/noticia\/?p=101348"},"modified":"2016-12-05T19:38:17","modified_gmt":"2016-12-05T21:38:17","slug":"vestibular-fatec-inscricoes-abertas-para-15-720-vagas","status":"publish","type":"post","link":"https:\/\/migracao.redenoticia.com.br\/noticia\/2016\/vestibular-fatec-inscricoes-abertas-para-15-720-vagas\/101348","title":{"rendered":"Vestibular Fatec: inscri\u00e7\u00f5es abertas para 15.720 vagas"},"content":{"rendered":"<p> Quer cursar em uma das Faculdades de Tecnologia (<strong><em>Fatecs<\/em><\/strong>) do Estado de S\u00e3o Paulo? As inscri\u00e7\u00f5es para o vestibular 2017 j\u00e1 est\u00e3o abertas e v\u00e3o at\u00e9 as 15h do dia 15 de dezembro. A prova acontece no dia 8 de janeiro de 2017. Ao todo, s\u00e3o oferecidas 15.720 vagas, distribu\u00eddas entre as 66 Fatecs, n\u00famero que inclui 1.920 vagas para a modalidade a dist\u00e2ncia.<\/p>\n<p>Os interessados devem se inscrever exclusivamente pela Internet, no site\u00a0. \u00c9 necess\u00e1rio preencher a ficha de inscri\u00e7\u00e3o, imprimir o boleto e pagar a taxa no valor de R$ 75 (em dinheiro), em qualquer ag\u00eancia banc\u00e1ria. No ato do cadastro, \u00e9 poss\u00edvel escolher um curso em primeira op\u00e7\u00e3o e colocar como segunda op\u00e7\u00e3o.<\/p>\n<p>Uma das novidades para o primeiro semestre do pr\u00f3ximo ano \u00e9 a oferta do curso in\u00e9dito de gradua\u00e7\u00e3o tecnol\u00f3gica de Big Data no Agroneg\u00f3cio, na Fatec Pompeia, elaborado em parceria com a Funda\u00e7\u00e3o Shunji Nishimura de Tecnologia, com apoio de empresas como Intel, Totvs e SAP.<\/p>\n<p>Outra novidade \u00e9 a amplia\u00e7\u00e3o dos cursos nas Fatecs Campinas, Itapira e S\u00e3o Caetano do Sul, al\u00e9m da abertura de novas turmas em outras unidades.<\/p>\n<p>Quem pode participar?<br \/>\nPara concorrer a uma das vagas do vestibular, o candidato deve ter conclu\u00eddo ou estar cursando o Ensino M\u00e9dio ou equivalente, desde que no ato da matr\u00edcula comprove a conclus\u00e3o do curso.<\/p>\n<p>Para mais informa\u00e7\u00f5es, acesse\u00a0.<\/p>\n<p>Do Portal do Governo do Estado SP<\/p>\n","protected":false},"excerpt":{"rendered":"<p>Quer cursar em uma das Faculdades de Tecnologia (Fatecs) do Estado de S\u00e3o Paulo? As inscri\u00e7\u00f5es para o vestibular 2017 j\u00e1 est\u00e3o abertas e v\u00e3o at\u00e9 as 15h do dia 15 de dezembro. A prova acontece no dia 8 de janeiro de 2017. Ao todo, s\u00e3o oferecidas 15.720 vagas, distribu\u00eddas entre as 66 Fatecs, n\u00famero [&hellip;]<\/p>\n","protected":false},"author":2,"featured_media":34896,"comment_status":"open","ping_status":"closed","sticky":false,"template":"","format":"standard","meta":{"tdm_status":"","tdm_grid_status":"","footnotes":""},"categories":[22,370,295],"tags":[],"class_list":{"0":"post-101348","1":"post","2":"type-post","3":"status-publish","4":"format-standard","5":"has-post-thumbnail","7":"category-brasil","8":"category-inscricao","9":"category-vestibular"},"_links":{"self":[{"href":"https:\/\/migracao.redenoticia.com.br\/noticia\/wp-json\/wp\/v2\/posts\/101348","targetHints":{"allow":["GET"]}}],"collection":[{"href":"https:\/\/migracao.redenoticia.com.br\/noticia\/wp-json\/wp\/v2\/posts"}],"about":[{"href":"https:\/\/migracao.redenoticia.com.br\/noticia\/wp-json\/wp\/v2\/types\/post"}],"author":[{"embeddable":true,"href":"https:\/\/migracao.redenoticia.com.br\/noticia\/wp-json\/wp\/v2\/users\/2"}],"replies":[{"embeddable":true,"href":"https:\/\/migracao.redenoticia.com.br\/noticia\/wp-json\/wp\/v2\/comments?post=101348"}],"version-history":[{"count":0,"href":"https:\/\/migracao.redenoticia.com.br\/noticia\/wp-json\/wp\/v2\/posts\/101348\/revisions"}],"wp:featuredmedia":[{"embeddable":true,"href":"https:\/\/migracao.redenoticia.com.br\/noticia\/wp-json\/wp\/v2\/media\/34896"}],"wp:attachment":[{"href":"https:\/\/migracao.redenoticia.com.br\/noticia\/wp-json\/wp\/v2\/media?parent=101348"}],"wp:term":[{"taxonomy":"category","embeddable":true,"href":"https:\/\/migracao.redenoticia.com.br\/noticia\/wp-json\/wp\/v2\/categories?post=101348"},{"taxonomy":"post_tag","embeddable":true,"href":"https:\/\/migracao.redenoticia.com.br\/noticia\/wp-json\/wp\/v2\/tags?post=101348"}],"curies":[{"name":"wp","href":"https:\/\/api.w.org\/{rel}","templated":true}]}}