{"id":101385,"date":"2016-12-06T19:50:03","date_gmt":"2016-12-06T21:50:03","guid":{"rendered":"http:\/\/www.redenoticia.com.br\/noticia\/?p=101385"},"modified":"2016-12-06T16:41:33","modified_gmt":"2016-12-06T18:41:33","slug":"novela-rock-story-resumo-0712-gui-pede-ajuda-de-julia-com-a-banda-4-4","status":"publish","type":"post","link":"https:\/\/migracao.redenoticia.com.br\/noticia\/2016\/novela-rock-story-resumo-0712-gui-pede-ajuda-de-julia-com-a-banda-4-4\/101385","title":{"rendered":"Novela \u201cRock Story\u201d resumo 07\/12: Gui pede ajuda de J\u00falia com a banda 4.4"},"content":{"rendered":"<p><img loading=\"lazy\" decoding=\"async\" class=\"alignleft size-thumbnail wp-image-97429\" src=\"https:\/\/migracao.redenoticia.com.br\/noticia\/imagens\/logo_rock_story-150x112.jpg\" alt=\"logo_rock_story\" width=\"150\" height=\"112\" srcset=\"https:\/\/migracao.redenoticia.com.br\/noticia\/imagens\/logo_rock_story-150x112.jpg 150w, https:\/\/migracao.redenoticia.com.br\/noticia\/imagens\/logo_rock_story-265x198.jpg 265w\" sizes=\"auto, (max-width: 150px) 100vw, 150px\" \/><strong><em>Novela \u201cRock Story\u201d resumo 07\/12<\/em><\/strong>: a\u00a0banda 4.4, composta por Zac, Tom, Nicolau e Wellington, se prepara para a apresenta\u00e7\u00e3o a ser feita para Gordo, quando \u00e9 surpreendida pelo pai do tecladista. O coronel do Ex\u00e9rcito invade o palco e pro\u00edbe o filho de tocar. Ap\u00f3s perder a audi\u00e7\u00e3o que valia uma bolsa de estudos em Viena, na \u00c1ustria, JF volta a trabalhar na churrascaria com o tio e assiste aos ensaios do grupo formado pelos quatro garotos escolhidos pelo roqueiro. Ao saber que Wellington n\u00e3o vai mais participar do projeto, ele se oferece para substitu\u00ed-lo. Gui afirma que sua banda vai superar o sucesso de L\u00e9o. Chega o dia da apresenta\u00e7\u00e3o para Gordo. Gui fica orgulhoso, mas Gordo n\u00e3o gosta. Gui fica inconformado com as cr\u00edticas que Gordo faz \u00e0 sua banda e invade o consult\u00f3rio de Eva. Depois, Gui pede para J\u00falia assistir \u00e0 apresenta\u00e7\u00e3o da banda. <\/p>\n<p>No cap\u00edtulo 025(*), novela \u201cRock Story\u201d, quarta-feira, 07 de dezembro \u2013 Gui fica inconformado com as cr\u00edticas que Gordo faz \u00e0 sua banda e invade o consult\u00f3rio de Eva. Gui pede para J\u00falia assistir \u00e0 apresenta\u00e7\u00e3o da banda. Marisa e Nicolau se beijam. L\u00e1zaro consegue um show inusitado para Gui.<\/p>\n<p>N\u00e9ia pede para Diana procurar L\u00e9o. L\u00e1zaro manda Ramon seguir Gui. Luiz\u00e3o pede para Luana tentar se aproximar de JF. Ramon invade o ensaio da banda sem ser visto.<\/p>\n<p>L\u00e9o e Diana n\u00e3o se entendem. Gui se surpreende ao saber da insist\u00eancia de L\u00e1zaro para que ele fizesse um show para idosos. Diana decide acabar com a tristeza de L\u00e9o. Diana ajuda na sess\u00e3o de fotos de L\u00e9o. Gui flagra L\u00e1zaro e Ramon juntos.<\/p>\n<p>(*) edi\u00e7\u00e3o da Rede Globo, Novela \u201cRock Story\u201d, sujeito a altera\u00e7\u00e3o de data e conte\u00fado.<\/p>\n","protected":false},"excerpt":{"rendered":"<p>Novela \u201cRock Story\u201d resumo 07\/12: a\u00a0banda 4.4, composta por Zac, Tom, Nicolau e Wellington, se prepara para a apresenta\u00e7\u00e3o a ser feita para Gordo, quando \u00e9 surpreendida pelo pai do tecladista. O coronel do Ex\u00e9rcito invade o palco e pro\u00edbe o filho de tocar. Ap\u00f3s perder a audi\u00e7\u00e3o que valia uma bolsa de estudos em [&hellip;]<\/p>\n","protected":false},"author":4,"featured_media":97429,"comment_status":"open","ping_status":"closed","sticky":false,"template":"","format":"standard","meta":{"tdm_status":"","tdm_grid_status":"","footnotes":""},"categories":[379,375,343],"tags":[441],"class_list":{"0":"post-101385","1":"post","2":"type-post","3":"status-publish","4":"format-standard","5":"has-post-thumbnail","7":"category-novelas","8":"category-rede-globo","9":"category-televisao","10":"tag-resumo-do-dia"},"_links":{"self":[{"href":"https:\/\/migracao.redenoticia.com.br\/noticia\/wp-json\/wp\/v2\/posts\/101385","targetHints":{"allow":["GET"]}}],"collection":[{"href":"https:\/\/migracao.redenoticia.com.br\/noticia\/wp-json\/wp\/v2\/posts"}],"about":[{"href":"https:\/\/migracao.redenoticia.com.br\/noticia\/wp-json\/wp\/v2\/types\/post"}],"author":[{"embeddable":true,"href":"https:\/\/migracao.redenoticia.com.br\/noticia\/wp-json\/wp\/v2\/users\/4"}],"replies":[{"embeddable":true,"href":"https:\/\/migracao.redenoticia.com.br\/noticia\/wp-json\/wp\/v2\/comments?post=101385"}],"version-history":[{"count":0,"href":"https:\/\/migracao.redenoticia.com.br\/noticia\/wp-json\/wp\/v2\/posts\/101385\/revisions"}],"wp:featuredmedia":[{"embeddable":true,"href":"https:\/\/migracao.redenoticia.com.br\/noticia\/wp-json\/wp\/v2\/media\/97429"}],"wp:attachment":[{"href":"https:\/\/migracao.redenoticia.com.br\/noticia\/wp-json\/wp\/v2\/media?parent=101385"}],"wp:term":[{"taxonomy":"category","embeddable":true,"href":"https:\/\/migracao.redenoticia.com.br\/noticia\/wp-json\/wp\/v2\/categories?post=101385"},{"taxonomy":"post_tag","embeddable":true,"href":"https:\/\/migracao.redenoticia.com.br\/noticia\/wp-json\/wp\/v2\/tags?post=101385"}],"curies":[{"name":"wp","href":"https:\/\/api.w.org\/{rel}","templated":true}]}}