{"id":101387,"date":"2016-12-06T18:25:48","date_gmt":"2016-12-06T20:25:48","guid":{"rendered":"http:\/\/www.redenoticia.com.br\/noticia\/?p=101387"},"modified":"2016-12-06T16:38:23","modified_gmt":"2016-12-06T18:38:23","slug":"novela-sol-nascente-resumo-0712-vittorio-pede-abrigo-para-lenita","status":"publish","type":"post","link":"https:\/\/migracao.redenoticia.com.br\/noticia\/2016\/novela-sol-nascente-resumo-0712-vittorio-pede-abrigo-para-lenita\/101387","title":{"rendered":"Novela \u201cSol Nascente\u201d resumo 07\/12: Vitt\u00f3rio pede abrigo para Lenita"},"content":{"rendered":"<p><img loading=\"lazy\" decoding=\"async\" class=\"alignleft size-thumbnail wp-image-91714\" src=\"https:\/\/migracao.redenoticia.com.br\/noticia\/imagens\/sol_nascente_resumo_novela_globo-150x112.jpg\" alt=\"sol_nascente_resumo_novela_globo\" width=\"150\" height=\"112\" srcset=\"https:\/\/migracao.redenoticia.com.br\/noticia\/imagens\/sol_nascente_resumo_novela_globo-150x112.jpg 150w, https:\/\/migracao.redenoticia.com.br\/noticia\/imagens\/sol_nascente_resumo_novela_globo-265x198.jpg 265w\" sizes=\"auto, (max-width: 150px) 100vw, 150px\" \/><strong><em>Novela \u201cSol Nascente\u201d resumo 07\/12<\/em><\/strong>: o\u00a0retorno de Loretta causa um rebuli\u00e7o na fam\u00edlia dos De Angeli. Mario trata a m\u00e3e com indiferen\u00e7a, enquanto os irm\u00e3os, Peppino e Milena, ficam animad\u00edssimos. Vittorio, Geppina e Gaetano desconfiam das inten\u00e7\u00f5es da mulher, que abandonou os filhos ainda pequenos. Loretta surpreende a todos ao dizer que voltou definitivamente da It\u00e1lia para o Brasil, e Milena faz quest\u00e3o de abrig\u00e1-la em seu quarto para tentar recuperar os dez anos de aus\u00eancia da m\u00e3e. A inten\u00e7\u00e3o da mulher, no entanto, \u00e9 recuperar seu lugar na vida de Vittorio. Mais tarde, Vittorio conta para Lenita que Loretta voltou para o Brasil. Desconfiado das inten\u00e7\u00f5es da ex-mulher, Vitt\u00f3rio pede abrigo na casa de Lenita.<\/p>\n<p>No cap\u00edtulo 086(*), novela \u201cSol Nascente\u201d, quarta-feira, 07 de dezembro \u2013 Loretta \u00e9 ir\u00f4nica com Lenita. Patrick refor\u00e7a que Mario precisa de provas concretas para acusar Cesar. Mario revela a Patrick que est\u00e1 ajudando Wagner. Cesar manda Jo\u00e3o Amaro seguir J\u00falia.<\/p>\n<p>Alice n\u00e3o consegue contar para Mario que viajar\u00e1 com Cesar para S\u00e3o Paulo. Peppino pede Nanda em namoro. Milena visita Ralf na cadeia. Cesar afirma a Jo\u00e3o Amaro que quer culpar Mario pelo assassinato de Massao. Vittorio conversa com Lenita sobre Loretta.<\/p>\n<p>Wagner pede para se encontrar com J\u00falia e Jo\u00e3o Amaro segue a cai\u00e7ara. Cesar sugere para Mesquita que Mario foi o mandante do crime contra Massao.<\/p>\n<p>(*) edi\u00e7\u00e3o da Rede Globo, Novela \u201cSol Nascente\u201d, sujeito a altera\u00e7\u00e3o de data e conte\u00fado.<\/p>\n","protected":false},"excerpt":{"rendered":"<p>Novela \u201cSol Nascente\u201d resumo 07\/12: o\u00a0retorno de Loretta causa um rebuli\u00e7o na fam\u00edlia dos De Angeli. Mario trata a m\u00e3e com indiferen\u00e7a, enquanto os irm\u00e3os, Peppino e Milena, ficam animad\u00edssimos. Vittorio, Geppina e Gaetano desconfiam das inten\u00e7\u00f5es da mulher, que abandonou os filhos ainda pequenos. Loretta surpreende a todos ao dizer que voltou definitivamente da [&hellip;]<\/p>\n","protected":false},"author":4,"featured_media":91714,"comment_status":"open","ping_status":"closed","sticky":false,"template":"","format":"standard","meta":{"tdm_status":"","tdm_grid_status":"","footnotes":""},"categories":[379,375,343],"tags":[441],"class_list":{"0":"post-101387","1":"post","2":"type-post","3":"status-publish","4":"format-standard","5":"has-post-thumbnail","7":"category-novelas","8":"category-rede-globo","9":"category-televisao","10":"tag-resumo-do-dia"},"_links":{"self":[{"href":"https:\/\/migracao.redenoticia.com.br\/noticia\/wp-json\/wp\/v2\/posts\/101387","targetHints":{"allow":["GET"]}}],"collection":[{"href":"https:\/\/migracao.redenoticia.com.br\/noticia\/wp-json\/wp\/v2\/posts"}],"about":[{"href":"https:\/\/migracao.redenoticia.com.br\/noticia\/wp-json\/wp\/v2\/types\/post"}],"author":[{"embeddable":true,"href":"https:\/\/migracao.redenoticia.com.br\/noticia\/wp-json\/wp\/v2\/users\/4"}],"replies":[{"embeddable":true,"href":"https:\/\/migracao.redenoticia.com.br\/noticia\/wp-json\/wp\/v2\/comments?post=101387"}],"version-history":[{"count":0,"href":"https:\/\/migracao.redenoticia.com.br\/noticia\/wp-json\/wp\/v2\/posts\/101387\/revisions"}],"wp:featuredmedia":[{"embeddable":true,"href":"https:\/\/migracao.redenoticia.com.br\/noticia\/wp-json\/wp\/v2\/media\/91714"}],"wp:attachment":[{"href":"https:\/\/migracao.redenoticia.com.br\/noticia\/wp-json\/wp\/v2\/media?parent=101387"}],"wp:term":[{"taxonomy":"category","embeddable":true,"href":"https:\/\/migracao.redenoticia.com.br\/noticia\/wp-json\/wp\/v2\/categories?post=101387"},{"taxonomy":"post_tag","embeddable":true,"href":"https:\/\/migracao.redenoticia.com.br\/noticia\/wp-json\/wp\/v2\/tags?post=101387"}],"curies":[{"name":"wp","href":"https:\/\/api.w.org\/{rel}","templated":true}]}}