{"id":101391,"date":"2016-12-06T17:25:08","date_gmt":"2016-12-06T19:25:08","guid":{"rendered":"http:\/\/www.redenoticia.com.br\/noticia\/?p=101391"},"modified":"2016-12-06T16:31:02","modified_gmt":"2016-12-06T18:31:02","slug":"novela-cheias-de-charme-resumo-0712-rosario-canta-com-fabian","status":"publish","type":"post","link":"https:\/\/migracao.redenoticia.com.br\/noticia\/2016\/novela-cheias-de-charme-resumo-0712-rosario-canta-com-fabian\/101391","title":{"rendered":"Novela \u201cCheias de Charme\u201d resumo 07\/12: Ros\u00e1rio canta com Fabian"},"content":{"rendered":"<p><img loading=\"lazy\" decoding=\"async\" class=\"alignleft size-thumbnail wp-image-95548\" src=\"https:\/\/migracao.redenoticia.com.br\/noticia\/imagens\/cheias-de-charme-novela-globo-internacional-resumo-proximo-capitulo-150x112.jpg\" alt=\"cheias-de-charme-novela-globo-internacional-resumo-proximo-capitulo\" width=\"150\" height=\"112\" \/><strong><em>Novela \u201cCheias de Charme\u201d resumo 07\/12<\/em><\/strong>: Ros\u00e1rio pede mais uma chance para In\u00e1cio, mas este n\u00e3o volta atr\u00e1s. Enquanto isso, Tom e Simone ficam satisfeitos ao saber que Ros\u00e1rio e In\u00e1cio terminaram seu namoro. Fabian resolve procurar Ros\u00e1rio. Triste, Ros\u00e1rio n\u00e3o consegue se concentrar no ensaio. Heraldo d\u00e1 um ultimato em In\u00e1cio por causa da garota. Fabian presenteia Ros\u00e1rio com um viol\u00e3o. J\u00e1 In\u00e1cio, pensa no que Heraldo lhe disse e resolve procurar Ros\u00e1rio, mas fica arrasado ao v\u00ea-la cantar com Fabian. <\/p>\n<p>No cap\u00edtulo 058(*), novela \u201cCheias de Charme\u201d, quarta-feira, 07 de dezembro \u2013 M\u00e1slova percebe o interesse de Otto em Penha. Lygia comenta com Penha que Elano descobriu um segredo muito s\u00e9rio sobre Sarmento. Brunessa implica com Humberto. M\u00e1slova exige que Ivone minta para Otto.<\/p>\n<p>As patroas se re\u00fanem na casa de Chayene para a reuni\u00e3o da Liga. Conrado repreende Elano por chegar tarde ao escrit\u00f3rio. Ivone fala de Penha para Otto, que fica pensativo. La\u00e9rcio \u00e9 dispensado por Chayene. Ros\u00e1rio n\u00e3o consegue se concentrar no ensaio. Heraldo d\u00e1 um ultimato em In\u00e1cio por causa de Ros\u00e1rio.<\/p>\n<p>Otto convida Penha para ir a um recital. Fabian presenteia Ros\u00e1rio com um viol\u00e3o. In\u00e1cio pensa no que Heraldo lhe disse. Lygia n\u00e3o consegue o emprego. In\u00e1cio procura Ros\u00e1rio e fica arrasado ao v\u00ea-la cantando com Fabian.<\/p>\n<p>(*) edi\u00e7\u00e3o da Rede Globo, Novela \u201cCheias de Charme\u201d, sujeito a altera\u00e7\u00e3o de data e conte\u00fado.<\/p>\n","protected":false},"excerpt":{"rendered":"<p>Novela \u201cCheias de Charme\u201d resumo 07\/12: Ros\u00e1rio pede mais uma chance para In\u00e1cio, mas este n\u00e3o volta atr\u00e1s. Enquanto isso, Tom e Simone ficam satisfeitos ao saber que Ros\u00e1rio e In\u00e1cio terminaram seu namoro. Fabian resolve procurar Ros\u00e1rio. Triste, Ros\u00e1rio n\u00e3o consegue se concentrar no ensaio. Heraldo d\u00e1 um ultimato em In\u00e1cio por causa da [&hellip;]<\/p>\n","protected":false},"author":4,"featured_media":95548,"comment_status":"open","ping_status":"closed","sticky":false,"template":"","format":"standard","meta":{"tdm_status":"","tdm_grid_status":"","footnotes":""},"categories":[379,375,343],"tags":[441],"class_list":{"0":"post-101391","1":"post","2":"type-post","3":"status-publish","4":"format-standard","5":"has-post-thumbnail","7":"category-novelas","8":"category-rede-globo","9":"category-televisao","10":"tag-resumo-do-dia"},"_links":{"self":[{"href":"https:\/\/migracao.redenoticia.com.br\/noticia\/wp-json\/wp\/v2\/posts\/101391","targetHints":{"allow":["GET"]}}],"collection":[{"href":"https:\/\/migracao.redenoticia.com.br\/noticia\/wp-json\/wp\/v2\/posts"}],"about":[{"href":"https:\/\/migracao.redenoticia.com.br\/noticia\/wp-json\/wp\/v2\/types\/post"}],"author":[{"embeddable":true,"href":"https:\/\/migracao.redenoticia.com.br\/noticia\/wp-json\/wp\/v2\/users\/4"}],"replies":[{"embeddable":true,"href":"https:\/\/migracao.redenoticia.com.br\/noticia\/wp-json\/wp\/v2\/comments?post=101391"}],"version-history":[{"count":0,"href":"https:\/\/migracao.redenoticia.com.br\/noticia\/wp-json\/wp\/v2\/posts\/101391\/revisions"}],"wp:featuredmedia":[{"embeddable":true,"href":"https:\/\/migracao.redenoticia.com.br\/noticia\/wp-json\/wp\/v2\/media\/95548"}],"wp:attachment":[{"href":"https:\/\/migracao.redenoticia.com.br\/noticia\/wp-json\/wp\/v2\/media?parent=101391"}],"wp:term":[{"taxonomy":"category","embeddable":true,"href":"https:\/\/migracao.redenoticia.com.br\/noticia\/wp-json\/wp\/v2\/categories?post=101391"},{"taxonomy":"post_tag","embeddable":true,"href":"https:\/\/migracao.redenoticia.com.br\/noticia\/wp-json\/wp\/v2\/tags?post=101391"}],"curies":[{"name":"wp","href":"https:\/\/api.w.org\/{rel}","templated":true}]}}