{"id":101397,"date":"2016-12-06T19:55:29","date_gmt":"2016-12-06T21:55:29","guid":{"rendered":"http:\/\/www.redenoticia.com.br\/noticia\/?p=101397"},"modified":"2016-12-06T16:42:49","modified_gmt":"2016-12-06T18:42:49","slug":"novela-cumplices-de-um-resgate-resumo-0712-teo-e-isabela-se-beijam","status":"publish","type":"post","link":"https:\/\/migracao.redenoticia.com.br\/noticia\/2016\/novela-cumplices-de-um-resgate-resumo-0712-teo-e-isabela-se-beijam\/101397","title":{"rendered":"Novela \u201cC\u00famplices de um Resgate\u201d resumo 07\/12: T\u00e9o e Isabela se beijam"},"content":{"rendered":"<p><img loading=\"lazy\" decoding=\"async\" class=\"alignleft size-thumbnail wp-image-71351\" src=\"https:\/\/migracao.redenoticia.com.br\/noticia\/imagens\/cumplices_de_um_resgate_sbt_novela_resumo-150x112.jpg\" alt=\"cumplices_de_um_resgate_sbt_novela_resumo\" width=\"150\" height=\"112\" srcset=\"https:\/\/migracao.redenoticia.com.br\/noticia\/imagens\/cumplices_de_um_resgate_sbt_novela_resumo-150x112.jpg 150w, https:\/\/migracao.redenoticia.com.br\/noticia\/imagens\/cumplices_de_um_resgate_sbt_novela_resumo-265x198.jpg 265w\" sizes=\"auto, (max-width: 150px) 100vw, 150px\" \/><strong><em>Novela \u201cC\u00famplices de um Resgate\u201d resumo 07\/12<\/em><\/strong>:\u00a0Isabela e os amigos do vilarejo viajam para a praia com Of\u00e9lio. T\u00e9o e Isabela andam na areia da praia enquanto Manuela fica incomodada com as mensagens de uma f\u00e3 que chegam ao celular de Joaquim. T\u00e9o conhece o mar pela primeira vez. Of\u00e9lio, Sabrina, Isabela, T\u00e9o, Mateus e D\u00f3ris se divertem em um luau. T\u00e9o se declara para Isabela e \u00e9 correspondido. Os dois se beijam pela primeira vez. <\/p>\n<p>No cap\u00edtulo 353(*), novela \u201cC\u00famplice de um Resgate\u201d, quarta-feira, 07 de dezembro \u2013 Isabela os amigos do vilarejo viajam para a praia, no Jequitimar, com Of\u00e9lio. T\u00e9o e Isabela andam na areia da praia. Manuela fica incomodada com as mensagens de uma f\u00e3 que chegam no celular de Joaquim.<\/p>\n<p>O plano das mensagens \u00e9 de Benjamim e Priscila para atrapalhar a rela\u00e7\u00e3o dos dois por ci\u00fame. T\u00e9o conhece o mar pela primeira vez. A suposta garota vai atr\u00e1s de Joaquim, tudo arma\u00e7\u00e3o de Benjamim e Priscila.<\/p>\n<p>Manuela decide ir embora. Julia diz para Flora que ensinou todas as m\u00fasicas de maneira errada para Ana J\u00falia. Na praia, Of\u00e9lio, Sabrina, Isabela, T\u00e9o, Mateus e D\u00f3ris se divertem em um luau. T\u00e9o se declara para Isabela e \u00e9 correspondido. Os dois se beijam na boca pela primeira vez.<\/p>\n<p>(*) edi\u00e7\u00e3o do SBT, Novela \u201cC\u00famplices de um Resgate\u201d, sujeito a altera\u00e7\u00e3o de data e conte\u00fado.<\/p>\n","protected":false},"excerpt":{"rendered":"<p>Novela \u201cC\u00famplices de um Resgate\u201d resumo 07\/12:\u00a0Isabela e os amigos do vilarejo viajam para a praia com Of\u00e9lio. T\u00e9o e Isabela andam na areia da praia enquanto Manuela fica incomodada com as mensagens de uma f\u00e3 que chegam ao celular de Joaquim. T\u00e9o conhece o mar pela primeira vez. Of\u00e9lio, Sabrina, Isabela, T\u00e9o, Mateus e [&hellip;]<\/p>\n","protected":false},"author":4,"featured_media":71351,"comment_status":"open","ping_status":"closed","sticky":false,"template":"","format":"standard","meta":{"tdm_status":"","tdm_grid_status":"","footnotes":""},"categories":[379,372,343],"tags":[441],"class_list":{"0":"post-101397","1":"post","2":"type-post","3":"status-publish","4":"format-standard","5":"has-post-thumbnail","7":"category-novelas","8":"category-sbt","9":"category-televisao","10":"tag-resumo-do-dia"},"_links":{"self":[{"href":"https:\/\/migracao.redenoticia.com.br\/noticia\/wp-json\/wp\/v2\/posts\/101397","targetHints":{"allow":["GET"]}}],"collection":[{"href":"https:\/\/migracao.redenoticia.com.br\/noticia\/wp-json\/wp\/v2\/posts"}],"about":[{"href":"https:\/\/migracao.redenoticia.com.br\/noticia\/wp-json\/wp\/v2\/types\/post"}],"author":[{"embeddable":true,"href":"https:\/\/migracao.redenoticia.com.br\/noticia\/wp-json\/wp\/v2\/users\/4"}],"replies":[{"embeddable":true,"href":"https:\/\/migracao.redenoticia.com.br\/noticia\/wp-json\/wp\/v2\/comments?post=101397"}],"version-history":[{"count":0,"href":"https:\/\/migracao.redenoticia.com.br\/noticia\/wp-json\/wp\/v2\/posts\/101397\/revisions"}],"wp:featuredmedia":[{"embeddable":true,"href":"https:\/\/migracao.redenoticia.com.br\/noticia\/wp-json\/wp\/v2\/media\/71351"}],"wp:attachment":[{"href":"https:\/\/migracao.redenoticia.com.br\/noticia\/wp-json\/wp\/v2\/media?parent=101397"}],"wp:term":[{"taxonomy":"category","embeddable":true,"href":"https:\/\/migracao.redenoticia.com.br\/noticia\/wp-json\/wp\/v2\/categories?post=101397"},{"taxonomy":"post_tag","embeddable":true,"href":"https:\/\/migracao.redenoticia.com.br\/noticia\/wp-json\/wp\/v2\/tags?post=101397"}],"curies":[{"name":"wp","href":"https:\/\/api.w.org\/{rel}","templated":true}]}}