{"id":101404,"date":"2016-12-06T16:25:31","date_gmt":"2016-12-06T18:25:31","guid":{"rendered":"http:\/\/www.redenoticia.com.br\/noticia\/?p=101404"},"modified":"2016-12-06T16:25:56","modified_gmt":"2016-12-06T18:25:56","slug":"novela-querida-inimiga-resumo-0712-hortencia-inclui-sara-em-seu-testamento","status":"publish","type":"post","link":"https:\/\/migracao.redenoticia.com.br\/noticia\/2016\/novela-querida-inimiga-resumo-0712-hortencia-inclui-sara-em-seu-testamento\/101404","title":{"rendered":"Novela \u201cQuerida Inimiga\u201d resumo 07\/12: Hort\u00eancia inclui Sara em seu testamento"},"content":{"rendered":"<p><img loading=\"lazy\" decoding=\"async\" class=\"alignleft size-thumbnail wp-image-99744\" src=\"https:\/\/migracao.redenoticia.com.br\/noticia\/imagens\/querida_inimiga_resumo_novela_SBT-150x112.jpg\" alt=\"querida_inimiga_resumo_novela_sbt\" width=\"150\" height=\"112\" srcset=\"https:\/\/migracao.redenoticia.com.br\/noticia\/imagens\/querida_inimiga_resumo_novela_SBT-150x112.jpg 150w, https:\/\/migracao.redenoticia.com.br\/noticia\/imagens\/querida_inimiga_resumo_novela_SBT-265x198.jpg 265w\" sizes=\"auto, (max-width: 150px) 100vw, 150px\" \/><strong><em>Novela \u201cQuerida Inimiga\u201d resumo 07\/12<\/em><\/strong>:\u00a0Lorena procura Sara e, emocionada, conta que j\u00e1 sabe quem s\u00e3o seus pais. Sara corre para contar a Hort\u00eancia sobre a descoberta de Lorena. Hort\u00eancia conversa com Jaime e este lhe diz que, se Omar e Zulema descobrirem a verdade sobre sua filha, eles a denunciam e ela vai para a pris\u00e3o. Lorena diz a Sara que ela precisa conhecer seus pais, mas Sara se nega ao dizer que ainda n\u00e3o est\u00e1 preparada. Lorena discute com Hort\u00eancia e esta a expulsa de sua casa. Sara diz a Hort\u00eancia que, para demonstrar a seus pais seu arrependimento, ela deve inclui-la em seu testamento. Ela aceita. Mais tarde, Arthur diz a B\u00e1rbara que talvez Sara desbanque Vasco, por ele ter abandonado a mans\u00e3o. B\u00e1rbara se zanga porque Hort\u00eancia a diz que incluiu Sara em seu testamento. B\u00e1rbara diz a Sara que isso \u00e9 o que ela mais queria, e que deve estar muito satisfeita pelo golpe. Sara amea\u00e7a dizer a Hort\u00eancia, Jaime e Vasco que B\u00e1rbara tem um amante. <\/p>\n<p>No cap\u00edtulo 016(*), novela \u201cQuerida Inimiga\u201d, quarta-feira, 07 de dezembro \u2013 B\u00e1rbara, sentida, reclama com Vasco por ele ter abandonado a mans\u00e3o. Lalo se nega a assassinar Lorena. Rose se zanga com Juliano por ele e Maria estarem falando sobre um filme que viram na noite anterior. Sara conta a Hort\u00eancia sobre a descoberta de Lorena. Jaime diz a Hort\u00eancia que se Omar e Zulema descobrirem a verdade sobre sua filha, a denunciar\u00e3o e ela ir\u00e1 para a pris\u00e3o.<\/p>\n<p>Lorena diz a Sara que ela precisa conhecer seus pais, mas Sara se nega dizendo que ainda n\u00e3o est\u00e1 preparada. Lorena discute com Hort\u00eancia e esta a expulsa de sua casa. Sara diz a Hort\u00eancia que para demonstrar a seus pais seu arrependimento ela deve inclui-la em seu testamento. Ela aceita. Arthur diz a B\u00e1rbara que talvez Sara desbanque Vasco, por ele ter abandonado a mans\u00e3o. Lorena se oferece para fazer os comes do anivers\u00e1rio de casamento de Zulema e Omar. Valeria diz a Alonso que o cargo de chefe dos m\u00e9dicos \u00e9 muito para Bruno, pois ele n\u00e3o sabe de impor com respeito.<\/p>\n<p>Alonso responde que espera que isso n\u00e3o afete os pacientes. Zulema agradece Lorena pelo jantar Italiano que preparou para seu anivers\u00e1rio. Alonso pede a Lorena que se case com ele, mas Lorena diz que ainda \u00e9 muito cedo, e deseja esperar um pouco mais. B\u00e1rbara se zanga porque Hort\u00eancia a diz que incluiu Sara em seu testamento. B\u00e1rbara diz a Sara que isso \u00e9 o que ela mais queria, e que deve estar muito satisfeita pelo \u201cgolpe\u201d. Sara amea\u00e7a dizer a Hort\u00eancia, Jaime e Vasco que B\u00e1rbara tem um amante.<\/p>\n<p>(*) edi\u00e7\u00e3o do SBT, Novela \u201cQuerida Inimiga\u201d, sujeito a altera\u00e7\u00e3o de data e conte\u00fado.<\/p>\n","protected":false},"excerpt":{"rendered":"<p>Novela \u201cQuerida Inimiga\u201d resumo 07\/12:\u00a0Lorena procura Sara e, emocionada, conta que j\u00e1 sabe quem s\u00e3o seus pais. Sara corre para contar a Hort\u00eancia sobre a descoberta de Lorena. Hort\u00eancia conversa com Jaime e este lhe diz que, se Omar e Zulema descobrirem a verdade sobre sua filha, eles a denunciam e ela vai para a [&hellip;]<\/p>\n","protected":false},"author":4,"featured_media":99744,"comment_status":"open","ping_status":"closed","sticky":false,"template":"","format":"standard","meta":{"tdm_status":"","tdm_grid_status":"","footnotes":""},"categories":[379,372,343],"tags":[441],"class_list":{"0":"post-101404","1":"post","2":"type-post","3":"status-publish","4":"format-standard","5":"has-post-thumbnail","7":"category-novelas","8":"category-sbt","9":"category-televisao","10":"tag-resumo-do-dia"},"_links":{"self":[{"href":"https:\/\/migracao.redenoticia.com.br\/noticia\/wp-json\/wp\/v2\/posts\/101404","targetHints":{"allow":["GET"]}}],"collection":[{"href":"https:\/\/migracao.redenoticia.com.br\/noticia\/wp-json\/wp\/v2\/posts"}],"about":[{"href":"https:\/\/migracao.redenoticia.com.br\/noticia\/wp-json\/wp\/v2\/types\/post"}],"author":[{"embeddable":true,"href":"https:\/\/migracao.redenoticia.com.br\/noticia\/wp-json\/wp\/v2\/users\/4"}],"replies":[{"embeddable":true,"href":"https:\/\/migracao.redenoticia.com.br\/noticia\/wp-json\/wp\/v2\/comments?post=101404"}],"version-history":[{"count":0,"href":"https:\/\/migracao.redenoticia.com.br\/noticia\/wp-json\/wp\/v2\/posts\/101404\/revisions"}],"wp:featuredmedia":[{"embeddable":true,"href":"https:\/\/migracao.redenoticia.com.br\/noticia\/wp-json\/wp\/v2\/media\/99744"}],"wp:attachment":[{"href":"https:\/\/migracao.redenoticia.com.br\/noticia\/wp-json\/wp\/v2\/media?parent=101404"}],"wp:term":[{"taxonomy":"category","embeddable":true,"href":"https:\/\/migracao.redenoticia.com.br\/noticia\/wp-json\/wp\/v2\/categories?post=101404"},{"taxonomy":"post_tag","embeddable":true,"href":"https:\/\/migracao.redenoticia.com.br\/noticia\/wp-json\/wp\/v2\/tags?post=101404"}],"curies":[{"name":"wp","href":"https:\/\/api.w.org\/{rel}","templated":true}]}}