{"id":101460,"date":"2016-12-07T06:22:42","date_gmt":"2016-12-07T08:22:42","guid":{"rendered":"http:\/\/www.redenoticia.com.br\/noticia\/?p=101460"},"modified":"2016-12-06T18:24:11","modified_gmt":"2016-12-06T20:24:11","slug":"cientistas-fazem-balanco-de-pesquisas-sobre-a-amazonia","status":"publish","type":"post","link":"https:\/\/migracao.redenoticia.com.br\/noticia\/2016\/cientistas-fazem-balanco-de-pesquisas-sobre-a-amazonia\/101460","title":{"rendered":"Cientistas fazem balan\u00e7o de pesquisas sobre a Amaz\u00f4nia"},"content":{"rendered":"<p> Karina Toledo | Ag\u00eancia FAPESP \u2013 Resultados de 20 projetos de pesquisa dedicados a investigar a din\u00e2mica da <em><strong>floresta amaz\u00f4nica<\/strong><\/em> e a entender como ela pode ser afetada por atividades humanas ou mudan\u00e7a clim\u00e1tica foram apresentados entre os dias 28 e 30 de novembro em reuni\u00e3o realizada no Audit\u00f3rio da Ci\u00eancia do Instituto Nacional de Pesquisas da Amaz\u00f4nia (Inpa), em Manaus (AM).<\/p>\n<p>Seis projetos integram a campanha cient\u00edfica Green Ocean Amazon Experiment (), que conta com apoio da FAPESP, do Departamento de Energia dos Estados Unidos (DoE, na sigla em ingl\u00eas), da Funda\u00e7\u00e3o de Amparo \u00e0 Pesquisa do Estado do Amazonas (Fapeam), entre outros parceiros. Os outros 14 projetos est\u00e3o vinculados a um edital lan\u00e7ado pelo Conselho Nacional de Desenvolvimento Cient\u00edfico e Tecnol\u00f3gico (CNPq) h\u00e1 tr\u00eas anos no \u00e2mbito do Programa de Grande Escala Biosfera-Atmosfera na Amaz\u00f4nia (LBA), mantido pelo Minist\u00e9rio da Ci\u00eancia, Tecnologia, Inova\u00e7\u00f5es e Comunica\u00e7\u00f5es (MCTIC) e coordenado pelo Inpa.<\/p>\n<p>\u201cEsses projetos est\u00e3o em fase de conclus\u00e3o e organizamos o encontro para conhecer seus resultados, identificar lacunas na pesquisa sobre a Amaz\u00f4nia, fomentar a colabora\u00e7\u00e3o entre os pesquisadores e, desta forma, poder planejar a agenda cient\u00edfica do LBA para os anos de 2017 a 2021\u201d, contou Niro Higuchi, gerente cient\u00edfico do programa.<\/p>\n<p>Entre as prioridades futuras, afirmou Higuchi, estar\u00e3o estudos que tratam do ciclo do carbono, em especial, do metano, e da \u00e1gua na Amaz\u00f4nia. \u201cPrecisamos entender melhor os processos que ocorrem abaixo do n\u00edvel do solo e isso inclui tanto essas quest\u00f5es f\u00edsicas e qu\u00edmicas como tamb\u00e9m parte biol\u00f3gica do sistema\u201d, comentou.<\/p>\n<p>Dos resultados apresentados no evento, Higuchi destacou os avan\u00e7os alcan\u00e7ados na \u00e1rea de qu\u00edmica da atmosfera.<\/p>\n<p>\u201cAntes desses projetos n\u00e3o se tinha uma ideia clara de como a polui\u00e7\u00e3o gerada por uma cidade como Manaus \u2013 que tem 2 milh\u00f5es de habitantes e \u00e9 cercada por imensas \u00e1reas de floresta \u2013 interage com as emiss\u00f5es naturais das plantas, como os compostos org\u00e2nicos vol\u00e1teis (VOCs). Os trabalhos mostram que essa intera\u00e7\u00e3o ocorre e traz consequ\u00eancias para o funcionamento do ecossistema. Isso abre uma s\u00e9rie de novas quest\u00f5es a serem respondidas\u201d, disse Higuchi.<\/p>\n<p>Outro avan\u00e7o importante, de acordo com o gerente cient\u00edfico do LBA, foi na \u00e1rea de fisiologia. \u201cAlguns estudos permitem avaliar como funciona o metabolismo das plantas em diferentes condi\u00e7\u00f5es, sejam \u00e1reas de floresta prim\u00e1ria ou secund\u00e1ria, fragmentos isolados ou pastagem. Essas informa\u00e7\u00f5es ser\u00e3o inclu\u00eddas nos modelos para uma melhor parametriza\u00e7\u00e3o. O nosso grande desafio \u00e9 melhorar os modelos clim\u00e1ticos e diminuir o grau de incerteza\u201d, contou.<\/p>\n<p>\u00c1reas alag\u00e1veis<\/p>\n<p>Segundo dados apresentados por Bruce Forsberg, pesquisador do Inpa e coordenador de um dos projetos selecionados no edital do CNPq, as \u00e1reas alag\u00e1veis da Amaz\u00f4nia s\u00e3o grandes fontes de gases de efeito estufa, especialmente g\u00e1s carb\u00f4nico e metano. Em seu projeto, foram medidas vari\u00e1veis relacionadas \u00e0 din\u00e2mica de gases dentro do Lago de Janauac\u00e1 (a 110 quil\u00f4metros de Manaus). O grupo est\u00e1 agora modelando os dados para associ\u00e1-los aos cen\u00e1rios de mudan\u00e7a clim\u00e1tica e de uso da terra.<\/p>\n<p>Segundo Forsberg, j\u00e1 foi modelada, por exemplo, a influ\u00eancia da mudan\u00e7a clim\u00e1tica sobre a vaz\u00e3o dos rios na Amaz\u00f4nia e nas \u00e1reas alag\u00e1veis. Resultados preliminares indicam, por exemplo, que na parte leste da Amaz\u00f4nia, onde h\u00e1 planos de constru\u00e7\u00e3o de hidrel\u00e9tricas, a vaz\u00e3o ser\u00e1 menor tanto no per\u00edodo de cheia quanto no de seca, o que poder\u00e1 inviabilizar as obras.<\/p>\n<p>Jochen Schogart, tamb\u00e9m do Inpa, mostrou resultados de uma pesquisa que avaliou os dist\u00farbios causados pela implementa\u00e7\u00e3o da Usina Hidrel\u00e9trica de Balbina sobre a floresta de \u00e1guas pretas (igap\u00f3s). Segundo ele, foram observadas altera\u00e7\u00f5es na estrutura e na composi\u00e7\u00e3o flor\u00edstica das florestas alag\u00e1veis.<\/p>\n<p>Tamb\u00e9m presente na reuni\u00e3o, Paulo Artaxo, professor do Instituto de F\u00edsica da Universidade de S\u00e3o Paulo (USP), pesquisador do LBA e um dos idealizadores do GoAmazon, destacou os estudos voltados a avaliar o impacto das \u00e1reas alagadas no balan\u00e7o de carbono da regi\u00e3o amaz\u00f4nica.<\/p>\n<p>\u201cUm dos projetos do LBA identificou \u00e1rvores com mais de mil anos de idade em \u00e1reas alagadas, como as existentes perto de Mamirau\u00e1 [reserva a oeste de Manaus]. Esse resultado foi uma grande surpresa, pois imagin\u00e1vamos que devido ao processo de decomposi\u00e7\u00e3o acelerado da madeira em \u00e1reas alagadas seria invi\u00e1vel a exist\u00eancia de \u00e1rvores t\u00e3o antigas. Esse conhecimento altera a forma como calculamos a mortalidade das \u00e1rvores na Amaz\u00f4nia e como calculamos o balan\u00e7o de carbono na regi\u00e3o\u201d, afirmou Artaxo.<\/p>\n<p>O professor da USP tamb\u00e9m destacou os estudos feitos ap\u00f3s as intensas secas ocorridas em 2005 e em 2010, que alteraram fortemente o ciclo do carbono. \u201cPrecisamos de novos estudos para entender melhor o impacto de eventos clim\u00e1ticos extremos no ciclo de carbono. Temos de processar esses dados, analisar com cuidado, at\u00e9 que possamos ter uma vis\u00e3o mais clara de como vai ser a Amaz\u00f4nia em um cen\u00e1rio em que eventos clim\u00e1ticos extremos ser\u00e3o frequentes\u201d, avaliou.<\/p>\n<p>Outra prioridade, na opini\u00e3o de Artaxo, s\u00e3o novos estudos voltados a entender como ocorrem as intera\u00e7\u00f5es entre aeross\u00f3is \u2013 tanto os naturais como oriundos de atividade humana \u2013 e como isso influencia o desenvolvimento de nuvens e o ciclo hidrol\u00f3gico da Amaz\u00f4nia.<\/p>\n<p>\u201cA fase de trabalho de campo do GoAmazon termina agora em dezembro, mas ainda ficaremos um bom tempo analisando os dados coletados. J\u00e1 sa\u00edram cerca de 40 artigos vinculados \u00e0 campanha e h\u00e1 pelo menos outros 50 em fase de elabora\u00e7\u00e3o\u201d, adiantou.<\/p>\n<p>Segundo Artaxo, ainda h\u00e1 uma s\u00e9rie de quest\u00f5es importantes relativas \u00e0 Amaz\u00f4nia a serem investigadas, por\u00e9m h\u00e1 grande incerteza em rela\u00e7\u00e3o ao fomento \u00e0 pesquisa nos pr\u00f3ximos anos.<\/p>\n<p>J\u00e1 Higushi afirmou que os recursos para a continua\u00e7\u00e3o do LBA ser\u00e3o preservados. O or\u00e7amento que gira em torno de R$ 3 milh\u00f5es por ano dever\u00e1 ser repetido em 2017.<\/p>\n<p>\u201cA pesquisa na Amaz\u00f4nia n\u00e3o pode parar. Vamos priorizar as coletas de rotina, mas as campanhas pontuais devem ocorrer com menos frequ\u00eancia\u201d, disse.<\/p>\n<p>As apresenta\u00e7\u00f5es da reuni\u00e3o cient\u00edfica realizada em Manaus est\u00e3o dispon\u00edveis em\u00a0<\/p>\n","protected":false},"excerpt":{"rendered":"<p>Karina Toledo | Ag\u00eancia FAPESP \u2013 Resultados de 20 projetos de pesquisa dedicados a investigar a din\u00e2mica da floresta amaz\u00f4nica e a entender como ela pode ser afetada por atividades humanas ou mudan\u00e7a clim\u00e1tica foram apresentados entre os dias 28 e 30 de novembro em reuni\u00e3o realizada no Audit\u00f3rio da Ci\u00eancia do Instituto Nacional de [&hellip;]<\/p>\n","protected":false},"author":2,"featured_media":34905,"comment_status":"open","ping_status":"closed","sticky":false,"template":"","format":"standard","meta":{"tdm_status":"","tdm_grid_status":"","footnotes":""},"categories":[22],"tags":[],"class_list":{"0":"post-101460","1":"post","2":"type-post","3":"status-publish","4":"format-standard","5":"has-post-thumbnail","7":"category-brasil"},"_links":{"self":[{"href":"https:\/\/migracao.redenoticia.com.br\/noticia\/wp-json\/wp\/v2\/posts\/101460","targetHints":{"allow":["GET"]}}],"collection":[{"href":"https:\/\/migracao.redenoticia.com.br\/noticia\/wp-json\/wp\/v2\/posts"}],"about":[{"href":"https:\/\/migracao.redenoticia.com.br\/noticia\/wp-json\/wp\/v2\/types\/post"}],"author":[{"embeddable":true,"href":"https:\/\/migracao.redenoticia.com.br\/noticia\/wp-json\/wp\/v2\/users\/2"}],"replies":[{"embeddable":true,"href":"https:\/\/migracao.redenoticia.com.br\/noticia\/wp-json\/wp\/v2\/comments?post=101460"}],"version-history":[{"count":0,"href":"https:\/\/migracao.redenoticia.com.br\/noticia\/wp-json\/wp\/v2\/posts\/101460\/revisions"}],"wp:featuredmedia":[{"embeddable":true,"href":"https:\/\/migracao.redenoticia.com.br\/noticia\/wp-json\/wp\/v2\/media\/34905"}],"wp:attachment":[{"href":"https:\/\/migracao.redenoticia.com.br\/noticia\/wp-json\/wp\/v2\/media?parent=101460"}],"wp:term":[{"taxonomy":"category","embeddable":true,"href":"https:\/\/migracao.redenoticia.com.br\/noticia\/wp-json\/wp\/v2\/categories?post=101460"},{"taxonomy":"post_tag","embeddable":true,"href":"https:\/\/migracao.redenoticia.com.br\/noticia\/wp-json\/wp\/v2\/tags?post=101460"}],"curies":[{"name":"wp","href":"https:\/\/api.w.org\/{rel}","templated":true}]}}