{"id":101477,"date":"2016-12-07T20:37:30","date_gmt":"2016-12-07T22:37:30","guid":{"rendered":"http:\/\/www.redenoticia.com.br\/noticia\/?p=101477"},"modified":"2016-12-07T01:39:03","modified_gmt":"2016-12-07T03:39:03","slug":"novela-a-terra-prometida-resumo-0812-lila-da-um-beijo-em-talmal","status":"publish","type":"post","link":"https:\/\/migracao.redenoticia.com.br\/noticia\/2016\/novela-a-terra-prometida-resumo-0812-lila-da-um-beijo-em-talmal\/101477","title":{"rendered":"Novela \u201cA Terra Prometida\u201d resumo 08\/12: Josu\u00e9 conversa com Talmal"},"content":{"rendered":"<p> <img loading=\"lazy\" decoding=\"async\" class=\"alignleft size-thumbnail wp-image-89446\" src=\"https:\/\/migracao.redenoticia.com.br\/noticia\/imagens\/a-terra-prometida-novela-record-resumo-150x112.jpg\" alt=\"a-terra-prometida-novela-record-resumo\" width=\"150\" height=\"112\" srcset=\"https:\/\/migracao.redenoticia.com.br\/noticia\/imagens\/a-terra-prometida-novela-record-resumo-150x112.jpg 150w, https:\/\/migracao.redenoticia.com.br\/noticia\/imagens\/a-terra-prometida-novela-record-resumo-265x198.jpg 265w\" sizes=\"auto, (max-width: 150px) 100vw, 150px\" \/><strong><em>Novela \u201cA Terra Prometida\u201d resumo 08\/12<\/em><\/strong>: Maquir tenta atacar Talmal, mas \u00e9 impedido por Zaqueu. Eles se surpreendem ao verem que o gigante est\u00e1 chorando. Maquir procura Josu\u00e9 e avisa que o gigante acordou. Josu\u00e9 conversa com Talmal e diz que o gigante ficar\u00e1 preso, mas o l\u00edder avisa que ningu\u00e9m o far\u00e1 mal. Eleazar afirma que o gigante pode ser um aliado do povo do ex\u00e9rcito de Israel.<\/p>\n<p>No capitulo 112 (*), novela \u201cA Terra Prometida\u201d, quinta-feira, 08 de dezembro &#8211; Josu\u00e9, Calebe e Salmon se revelam e desmascaram Melquias. O guerreiro tenta se justificar, mas o l\u00edder de Israel avisa que ele ser\u00e1 punido. Maquir tenta atacar Talmal, mas \u00e9 impedido por Zaqueu. Eles se surpreendem ao verem que o gigante est\u00e1 chorando. Til\u00e9ia diz aceitar fugir de Ai com Arauto. Enciumada, Kira v\u00ea os dois se beijando e foge de casa. Maquir procura Josu\u00e9 e avisa que o gigante acordou. Al\u00e9m do aparecimento de pulgas, as comidas come\u00e7am a estragar na tenda de Ac\u00e3. Milah fica aliviada ao saber que Raabe foi inocentada. <\/p>\n<p>Sem alternativa, Melina decide acompanhar Yussuf at\u00e9 o quarto do general. Josu\u00e9 conversa com Talmal e diz que o gigante ficar\u00e1 preso, mas o l\u00edder avisa que ningu\u00e9m o far\u00e1 mal. Pedael e os filhos procuram Josu\u00e9 para dar informa\u00e7\u00f5es sobre a miss\u00e3o em Ai, mas El\u00f3i avisa que o l\u00edder de Israel saiu para conversar com o gigante aprisionado. Durgal fica indignado com a fuga dos artistas espi\u00f5es. Ravena avisa que far\u00e1 um ritual infal\u00edvel contra os hebreus. Arauto e os Lagartos saem para procurar Kira nas ruas da cidade. Pedael diz estar impressionado com a bela voz de Nezi\u00e1. Ele pergunta por que a mo\u00e7a sempre fez com que todos pensassem que a voz era de Ad\u00e9lia. Ela diz que fez isso por ser t\u00e3o t\u00edmida. Pedael elogia sua beleza e se declara para ela. Til\u00e9ia fica aflita sem not\u00edcias de sua filha. <\/p>\n<p>Ravena recebe Za\u00edra no pal\u00e1cio a avisa que precisar\u00e1 de um sacrif\u00edcio humano para manter os hebreus longe do reino. Ad\u00e9lia conversa com Tem\u00e1 e Isaque. Ela avisa que dar\u00e1 a resposta antes deles partirem para a batalha de Ai. L\u00e9ia diz que ajudar\u00e1 Samara a p\u00f4r em pr\u00e1tica o plano contra Aruna. Josu\u00e9 avisa que j\u00e1 sabe como punir Melquias. Samara pede para Abel vestir a roupa do Soldado Mascarado na batalha contra Ai. Ele se recusa. L\u00e9ia aparece e avisa que o rapaz dever\u00e1 obedecer sua filha caso queira se casar com ela. Eleazar afirma que o gigante pode ser um aliado do povo do ex\u00e9rcito de Israel. <\/p>\n<p>(*) edi\u00e7\u00e3o da Rede Record, Novela \u201cA Terra Prometida\u201d, sujeito a altera\u00e7\u00e3o de data e conte\u00fado.<\/p>\n","protected":false},"excerpt":{"rendered":"<p>Novela \u201cA Terra Prometida\u201d resumo 08\/12: Maquir tenta atacar Talmal, mas \u00e9 impedido por Zaqueu. Eles se surpreendem ao verem que o gigante est\u00e1 chorando. Maquir procura Josu\u00e9 e avisa que o gigante acordou. Josu\u00e9 conversa com Talmal e diz que o gigante ficar\u00e1 preso, mas o l\u00edder avisa que ningu\u00e9m o far\u00e1 mal. Eleazar [&hellip;]<\/p>\n","protected":false},"author":2,"featured_media":89446,"comment_status":"open","ping_status":"closed","sticky":false,"template":"","format":"standard","meta":{"tdm_status":"","tdm_grid_status":"","footnotes":""},"categories":[446,379,371,343],"tags":[441],"class_list":{"0":"post-101477","1":"post","2":"type-post","3":"status-publish","4":"format-standard","5":"has-post-thumbnail","7":"category-a-terra-prometida","8":"category-novelas","9":"category-rede-record","10":"category-televisao","11":"tag-resumo-do-dia"},"_links":{"self":[{"href":"https:\/\/migracao.redenoticia.com.br\/noticia\/wp-json\/wp\/v2\/posts\/101477","targetHints":{"allow":["GET"]}}],"collection":[{"href":"https:\/\/migracao.redenoticia.com.br\/noticia\/wp-json\/wp\/v2\/posts"}],"about":[{"href":"https:\/\/migracao.redenoticia.com.br\/noticia\/wp-json\/wp\/v2\/types\/post"}],"author":[{"embeddable":true,"href":"https:\/\/migracao.redenoticia.com.br\/noticia\/wp-json\/wp\/v2\/users\/2"}],"replies":[{"embeddable":true,"href":"https:\/\/migracao.redenoticia.com.br\/noticia\/wp-json\/wp\/v2\/comments?post=101477"}],"version-history":[{"count":0,"href":"https:\/\/migracao.redenoticia.com.br\/noticia\/wp-json\/wp\/v2\/posts\/101477\/revisions"}],"wp:featuredmedia":[{"embeddable":true,"href":"https:\/\/migracao.redenoticia.com.br\/noticia\/wp-json\/wp\/v2\/media\/89446"}],"wp:attachment":[{"href":"https:\/\/migracao.redenoticia.com.br\/noticia\/wp-json\/wp\/v2\/media?parent=101477"}],"wp:term":[{"taxonomy":"category","embeddable":true,"href":"https:\/\/migracao.redenoticia.com.br\/noticia\/wp-json\/wp\/v2\/categories?post=101477"},{"taxonomy":"post_tag","embeddable":true,"href":"https:\/\/migracao.redenoticia.com.br\/noticia\/wp-json\/wp\/v2\/tags?post=101477"}],"curies":[{"name":"wp","href":"https:\/\/api.w.org\/{rel}","templated":true}]}}