{"id":101506,"date":"2016-12-07T18:25:15","date_gmt":"2016-12-07T20:25:15","guid":{"rendered":"http:\/\/www.redenoticia.com.br\/noticia\/?p=101506"},"modified":"2016-12-07T21:23:26","modified_gmt":"2016-12-07T23:23:26","slug":"novela-sol-nascente-resumo-0812-joao-amaro-acusa-mario-da-morte-de-massao","status":"publish","type":"post","link":"https:\/\/migracao.redenoticia.com.br\/noticia\/2016\/novela-sol-nascente-resumo-0812-joao-amaro-acusa-mario-da-morte-de-massao\/101506","title":{"rendered":"Novela \u201cSol Nascente\u201d resumo 08\/12: Jo\u00e3o Amaro acusa Mario da morte de Massao"},"content":{"rendered":"<p><img loading=\"lazy\" decoding=\"async\" class=\"alignleft size-thumbnail wp-image-91714\" src=\"https:\/\/migracao.redenoticia.com.br\/noticia\/imagens\/sol_nascente_resumo_novela_globo-150x112.jpg\" alt=\"sol_nascente_resumo_novela_globo\" width=\"150\" height=\"112\" srcset=\"https:\/\/migracao.redenoticia.com.br\/noticia\/imagens\/sol_nascente_resumo_novela_globo-150x112.jpg 150w, https:\/\/migracao.redenoticia.com.br\/noticia\/imagens\/sol_nascente_resumo_novela_globo-265x198.jpg 265w\" sizes=\"auto, (max-width: 150px) 100vw, 150px\" \/><strong><em>Novela \u201cSol Nascente\u201d resumo 08\/12<\/em><\/strong>:\u00a0Patrick conversa com Mario e refor\u00e7a que precisam de provas concretas para acusar Cesar. Mario revela a Patrick que est\u00e1 a ajudar Wagner. Enquanto isso, Cesar manda Jo\u00e3o Amaro seguir J\u00falia, pois esta pode leva-los at\u00e9 Wagner. Depois, ele afirma a Jo\u00e3o Amaro que quer culpar Mario pelo assassinato de Massao. Wagner pede para se encontrar com J\u00falia e Jo\u00e3o Amaro segue a cai\u00e7ara. J\u00falia e Wagner se encontram e esta o convence a contar o que sabe para Mario. Os capangas de Jo\u00e3o Amaro tentam cercar Wagner, mas este consegue fugir. Cesar vai \u00e0 delegacia e sugere para Mesquita que Mario \u00e9 o mandante do crime contra Massao.\u00a0 Depois, ao saber que Wagner fugiu, ele se enfurece e manda Jo\u00e3o Amaro denunciar Mario \u00e0 Pol\u00edcia. Jo\u00e3o Amaro faz uma denuncia an\u00f4nima na qual acusa Mario e avisa onde a arma do crime est\u00e1 escondida. Mesquita questiona Ralf sobre o poss\u00edvel envolvimento de Mario na morte de Massao. Na casa de Geppina e Gaetano, Damasceno e Mario encontram a arma do crime e, no exato momento, Mesquita chega.<\/p>\n<p>No cap\u00edtulo 087(*), novela \u201cSol Nascente\u201d, quinta-feira, 08 de dezembro \u2013 J\u00falia convence Wagner a contar o que sabe para Mario. Os capangas de Jo\u00e3o Amaro tentam cercar Wagner. Cau\u00e3 ensina Nuno a ler e escrever. Tiago reclama de Yumi e Dora percebe o comportamento do marido.<\/p>\n<p>Quirino pede Chica em casamento. Cesar se enfurece ao descobrir que Wagner fugiu e manda Jo\u00e3o Amaro denunciar Mario \u00e0 Pol\u00edcia. Jo\u00e3o Amaro faz uma denuncia an\u00f4nima acusando Mario e avisa onde a arma do crime est\u00e1 escondida.<\/p>\n<p>Mesquita questiona Ralf sobre o poss\u00edvel envolvimento de Mario na morte de Massao. Loretta procura Lenita. Damasceno e Mario encontram a arma do crime no momento em que Mesquita chega \u00e0 casa de Geppina e Gaetano.<\/p>\n<p>(*) edi\u00e7\u00e3o da Rede Globo, Novela \u201cSol Nascente\u201d, sujeito a altera\u00e7\u00e3o de data e conte\u00fado.<\/p>\n","protected":false},"excerpt":{"rendered":"<p>Novela \u201cSol Nascente\u201d resumo 08\/12:\u00a0Patrick conversa com Mario e refor\u00e7a que precisam de provas concretas para acusar Cesar. Mario revela a Patrick que est\u00e1 a ajudar Wagner. Enquanto isso, Cesar manda Jo\u00e3o Amaro seguir J\u00falia, pois esta pode leva-los at\u00e9 Wagner. Depois, ele afirma a Jo\u00e3o Amaro que quer culpar Mario pelo assassinato de Massao. [&hellip;]<\/p>\n","protected":false},"author":4,"featured_media":91714,"comment_status":"open","ping_status":"closed","sticky":false,"template":"","format":"standard","meta":{"tdm_status":"","tdm_grid_status":"","footnotes":""},"categories":[379,343],"tags":[441],"class_list":{"0":"post-101506","1":"post","2":"type-post","3":"status-publish","4":"format-standard","5":"has-post-thumbnail","7":"category-novelas","8":"category-televisao","9":"tag-resumo-do-dia"},"_links":{"self":[{"href":"https:\/\/migracao.redenoticia.com.br\/noticia\/wp-json\/wp\/v2\/posts\/101506","targetHints":{"allow":["GET"]}}],"collection":[{"href":"https:\/\/migracao.redenoticia.com.br\/noticia\/wp-json\/wp\/v2\/posts"}],"about":[{"href":"https:\/\/migracao.redenoticia.com.br\/noticia\/wp-json\/wp\/v2\/types\/post"}],"author":[{"embeddable":true,"href":"https:\/\/migracao.redenoticia.com.br\/noticia\/wp-json\/wp\/v2\/users\/4"}],"replies":[{"embeddable":true,"href":"https:\/\/migracao.redenoticia.com.br\/noticia\/wp-json\/wp\/v2\/comments?post=101506"}],"version-history":[{"count":0,"href":"https:\/\/migracao.redenoticia.com.br\/noticia\/wp-json\/wp\/v2\/posts\/101506\/revisions"}],"wp:featuredmedia":[{"embeddable":true,"href":"https:\/\/migracao.redenoticia.com.br\/noticia\/wp-json\/wp\/v2\/media\/91714"}],"wp:attachment":[{"href":"https:\/\/migracao.redenoticia.com.br\/noticia\/wp-json\/wp\/v2\/media?parent=101506"}],"wp:term":[{"taxonomy":"category","embeddable":true,"href":"https:\/\/migracao.redenoticia.com.br\/noticia\/wp-json\/wp\/v2\/categories?post=101506"},{"taxonomy":"post_tag","embeddable":true,"href":"https:\/\/migracao.redenoticia.com.br\/noticia\/wp-json\/wp\/v2\/tags?post=101506"}],"curies":[{"name":"wp","href":"https:\/\/api.w.org\/{rel}","templated":true}]}}