{"id":101508,"date":"2016-12-07T18:05:11","date_gmt":"2016-12-07T20:05:11","guid":{"rendered":"http:\/\/www.redenoticia.com.br\/noticia\/?p=101508"},"modified":"2016-12-07T21:18:16","modified_gmt":"2016-12-07T23:18:16","slug":"novela-malhacao-resumo-0812-ricardo-e-questionado-pelas-filhas","status":"publish","type":"post","link":"https:\/\/migracao.redenoticia.com.br\/noticia\/2016\/novela-malhacao-resumo-0812-ricardo-e-questionado-pelas-filhas\/101508","title":{"rendered":"Novela \u201cMalha\u00e7\u00e3o\u201d resumo 08\/12: Ricardo \u00e9 questionado pelas filhas"},"content":{"rendered":"<p><img loading=\"lazy\" decoding=\"async\" class=\"alignleft size-thumbnail wp-image-91715\" src=\"https:\/\/migracao.redenoticia.com.br\/noticia\/imagens\/malhacao_pro_dia_nascer_feliz_resumo_novela-150x112.jpg\" alt=\"malhacao_pro_dia_nascer_feliz_resumo_novela\" width=\"150\" height=\"112\" srcset=\"https:\/\/migracao.redenoticia.com.br\/noticia\/imagens\/malhacao_pro_dia_nascer_feliz_resumo_novela-150x112.jpg 150w, https:\/\/migracao.redenoticia.com.br\/noticia\/imagens\/malhacao_pro_dia_nascer_feliz_resumo_novela-265x198.jpg 265w\" sizes=\"auto, (max-width: 150px) 100vw, 150px\" \/><strong><em>Novela \u201cMalha\u00e7\u00e3o\u201d resumo 08\/12<\/em><\/strong>:\u00a0B\u00e1rbara n\u00e3o se conforma que Ricardo colocou Joana em seu testamento. Ao ver Manuela com a garota, B\u00e1rbara chega cheia de ironia e pergunta se Joana est\u00e1 a explicar o que ela fez para que o pai roube o dinheiro de Manuela para dar a ela. Sem paci\u00eancia,\u00a0Joana\u00a0n\u00e3o leva desaforo da irm\u00e3 para casa e rebate ao dizer que n\u00e3o quer nada de Ricardo e nem vai entrar com a\u00e7\u00e3o nenhuma na justi\u00e7a, a menos que ela n\u00e3o pare de irrit\u00e1-la. Furiosa, B\u00e1rbara conversa com Gabriel e este, que est\u00e1 morto de ci\u00fames por causa do namoro da garota com seu irm\u00e3o, diz que Joana \u00e9 uma oportunista. Mais tarde, Ricardo enfrenta o questionamento das filhas sobre o testamento.<\/p>\n<p>No cap\u00edtulo 079(*), novela \u201cMalha\u00e7\u00e3o\u201d, quinta-feira, 08 de dezembro \u2013 Lopes revela a R\u00f4mulo que ele deve perder a pr\u00f3xima luta. Luiza questiona a atitude de Lucas. Krica e Cleyton pressionam J\u00e9ssica para viajarem com ela aos Estados Unidos.<\/p>\n<p>A pol\u00edcia chega ao gin\u00e1sio de luta clandestina, mas R\u00f4mulo consegue fugir. R\u00f4mulo tenta se reaproximar de Nanda. Ricardo avisa a Juliana que ela est\u00e1 proibida de andar de motocicleta com Jab\u00e1.<\/p>\n<p>Luiza beija Lucas. Lopes diz a R\u00f4mulo que Jack pensa em lev\u00e1-lo para lutar nos Estados Unidos. Ricardo enfrenta o questionamento de B\u00e1rbara, Juliana e Manuela sobre o testamento.<\/p>\n<p>(*) edi\u00e7\u00e3o da Rede Globo, Novela \u201cMalha\u00e7\u00e3o\u201d, sujeito a altera\u00e7\u00e3o de data e conte\u00fado.<\/p>\n","protected":false},"excerpt":{"rendered":"<p>Novela \u201cMalha\u00e7\u00e3o\u201d resumo 08\/12:\u00a0B\u00e1rbara n\u00e3o se conforma que Ricardo colocou Joana em seu testamento. Ao ver Manuela com a garota, B\u00e1rbara chega cheia de ironia e pergunta se Joana est\u00e1 a explicar o que ela fez para que o pai roube o dinheiro de Manuela para dar a ela. Sem paci\u00eancia,\u00a0Joana\u00a0n\u00e3o leva desaforo da irm\u00e3 [&hellip;]<\/p>\n","protected":false},"author":4,"featured_media":91715,"comment_status":"open","ping_status":"closed","sticky":false,"template":"","format":"standard","meta":{"tdm_status":"","tdm_grid_status":"","footnotes":""},"categories":[447,379,375,343],"tags":[441],"class_list":{"0":"post-101508","1":"post","2":"type-post","3":"status-publish","4":"format-standard","5":"has-post-thumbnail","7":"category-malhacao","8":"category-novelas","9":"category-rede-globo","10":"category-televisao","11":"tag-resumo-do-dia"},"_links":{"self":[{"href":"https:\/\/migracao.redenoticia.com.br\/noticia\/wp-json\/wp\/v2\/posts\/101508","targetHints":{"allow":["GET"]}}],"collection":[{"href":"https:\/\/migracao.redenoticia.com.br\/noticia\/wp-json\/wp\/v2\/posts"}],"about":[{"href":"https:\/\/migracao.redenoticia.com.br\/noticia\/wp-json\/wp\/v2\/types\/post"}],"author":[{"embeddable":true,"href":"https:\/\/migracao.redenoticia.com.br\/noticia\/wp-json\/wp\/v2\/users\/4"}],"replies":[{"embeddable":true,"href":"https:\/\/migracao.redenoticia.com.br\/noticia\/wp-json\/wp\/v2\/comments?post=101508"}],"version-history":[{"count":0,"href":"https:\/\/migracao.redenoticia.com.br\/noticia\/wp-json\/wp\/v2\/posts\/101508\/revisions"}],"wp:featuredmedia":[{"embeddable":true,"href":"https:\/\/migracao.redenoticia.com.br\/noticia\/wp-json\/wp\/v2\/media\/91715"}],"wp:attachment":[{"href":"https:\/\/migracao.redenoticia.com.br\/noticia\/wp-json\/wp\/v2\/media?parent=101508"}],"wp:term":[{"taxonomy":"category","embeddable":true,"href":"https:\/\/migracao.redenoticia.com.br\/noticia\/wp-json\/wp\/v2\/categories?post=101508"},{"taxonomy":"post_tag","embeddable":true,"href":"https:\/\/migracao.redenoticia.com.br\/noticia\/wp-json\/wp\/v2\/tags?post=101508"}],"curies":[{"name":"wp","href":"https:\/\/api.w.org\/{rel}","templated":true}]}}