{"id":101510,"date":"2016-12-07T17:25:32","date_gmt":"2016-12-07T19:25:32","guid":{"rendered":"http:\/\/www.redenoticia.com.br\/noticia\/?p=101510"},"modified":"2016-12-07T21:14:15","modified_gmt":"2016-12-07T23:14:15","slug":"novela-cheias-de-charme-resumo-0812-penha-e-otto-assistem-a-um-recital","status":"publish","type":"post","link":"https:\/\/migracao.redenoticia.com.br\/noticia\/2016\/novela-cheias-de-charme-resumo-0812-penha-e-otto-assistem-a-um-recital\/101510","title":{"rendered":"Novela \u201cCheias de Charme\u201d resumo 08\/12: Penha e Otto assistem a um recital"},"content":{"rendered":"<p><img loading=\"lazy\" decoding=\"async\" class=\"alignleft size-thumbnail wp-image-95548\" src=\"https:\/\/migracao.redenoticia.com.br\/noticia\/imagens\/cheias-de-charme-novela-globo-internacional-resumo-proximo-capitulo-150x112.jpg\" alt=\"cheias-de-charme-novela-globo-internacional-resumo-proximo-capitulo\" width=\"150\" height=\"112\" \/><strong><em>Novela \u201cCheias de Charme\u201d resumo 08\/12<\/em><\/strong>:\u00a0M\u00e1slova percebe o interesse de Otto em Penha. Preocupada, M\u00e1slova exige que Ivone minta para Otto. Ent\u00e3o, Ivone fala de Penha para Otto, que fica pensativo. O empres\u00e1rio procura Penha e a convida para ir a um recital e esta aceita. Ao assistir o recital, Penha se emociona e Otto fica encantado. Ap\u00f3s o evento, ele a convida para jantar, mas Penha n\u00e3o aceita. <\/p>\n<p>No cap\u00edtulo 059(*), novela \u201cCheias de Charme\u201d, quinta-feira, 08 de dezembro \u2013 Alejandro se preocupa com Lygia. Ros\u00e1rio manda Fabian embora. Liara fala para Rodinei que a Borralho Crew pode ir para Berlim. Socorro convida Wanderley e Zaqueu para uma festa na casa de Chayene.<\/p>\n<p>Brunessa observa S\u00f4nia se exibindo para Sarmento. Elano d\u00e1 um livro de presente para Cida. Penha se emociona no recital e Otto fica encantado. Cida l\u00ea o livro que ganhou de Elano, mas sonha com Conrado. Penha n\u00e3o aceita o convite de Otto para jantar. Elano afirma para Kleiton que conquistar\u00e1 Cida.<\/p>\n<p>Alejandro leva Lygia ao hospital e sofre ao saber que ela precisa ser operada com urg\u00eancia. Socorro \u00e9 obrigada a contar para Chayene que Naldo \u00e9 quem faz as comidas do Piau\u00ed. Ros\u00e1rio fica dividida entre In\u00e1cio e Fabian. O m\u00e9dico avisa que Lygia ficar\u00e1 internada e todos se preocupam. Ros\u00e1rio tenta marcar um encontro com In\u00e1cio.<\/p>\n<p>(*) edi\u00e7\u00e3o da Rede Globo, Novela \u201cCheias de Charme\u201d, sujeito a altera\u00e7\u00e3o de data e conte\u00fado.<\/p>\n","protected":false},"excerpt":{"rendered":"<p>Novela \u201cCheias de Charme\u201d resumo 08\/12:\u00a0M\u00e1slova percebe o interesse de Otto em Penha. Preocupada, M\u00e1slova exige que Ivone minta para Otto. Ent\u00e3o, Ivone fala de Penha para Otto, que fica pensativo. O empres\u00e1rio procura Penha e a convida para ir a um recital e esta aceita. Ao assistir o recital, Penha se emociona e Otto [&hellip;]<\/p>\n","protected":false},"author":4,"featured_media":95548,"comment_status":"open","ping_status":"closed","sticky":false,"template":"","format":"standard","meta":{"tdm_status":"","tdm_grid_status":"","footnotes":""},"categories":[379,375,343],"tags":[],"class_list":{"0":"post-101510","1":"post","2":"type-post","3":"status-publish","4":"format-standard","5":"has-post-thumbnail","7":"category-novelas","8":"category-rede-globo","9":"category-televisao"},"_links":{"self":[{"href":"https:\/\/migracao.redenoticia.com.br\/noticia\/wp-json\/wp\/v2\/posts\/101510","targetHints":{"allow":["GET"]}}],"collection":[{"href":"https:\/\/migracao.redenoticia.com.br\/noticia\/wp-json\/wp\/v2\/posts"}],"about":[{"href":"https:\/\/migracao.redenoticia.com.br\/noticia\/wp-json\/wp\/v2\/types\/post"}],"author":[{"embeddable":true,"href":"https:\/\/migracao.redenoticia.com.br\/noticia\/wp-json\/wp\/v2\/users\/4"}],"replies":[{"embeddable":true,"href":"https:\/\/migracao.redenoticia.com.br\/noticia\/wp-json\/wp\/v2\/comments?post=101510"}],"version-history":[{"count":0,"href":"https:\/\/migracao.redenoticia.com.br\/noticia\/wp-json\/wp\/v2\/posts\/101510\/revisions"}],"wp:featuredmedia":[{"embeddable":true,"href":"https:\/\/migracao.redenoticia.com.br\/noticia\/wp-json\/wp\/v2\/media\/95548"}],"wp:attachment":[{"href":"https:\/\/migracao.redenoticia.com.br\/noticia\/wp-json\/wp\/v2\/media?parent=101510"}],"wp:term":[{"taxonomy":"category","embeddable":true,"href":"https:\/\/migracao.redenoticia.com.br\/noticia\/wp-json\/wp\/v2\/categories?post=101510"},{"taxonomy":"post_tag","embeddable":true,"href":"https:\/\/migracao.redenoticia.com.br\/noticia\/wp-json\/wp\/v2\/tags?post=101510"}],"curies":[{"name":"wp","href":"https:\/\/api.w.org\/{rel}","templated":true}]}}