{"id":101516,"date":"2016-12-07T19:55:41","date_gmt":"2016-12-07T21:55:41","guid":{"rendered":"http:\/\/www.redenoticia.com.br\/noticia\/?p=101516"},"modified":"2016-12-07T21:27:41","modified_gmt":"2016-12-07T23:27:41","slug":"novela-cumplices-de-um-resgate-resumo-0812-paola-ameaca-andre","status":"publish","type":"post","link":"https:\/\/migracao.redenoticia.com.br\/noticia\/2016\/novela-cumplices-de-um-resgate-resumo-0812-paola-ameaca-andre\/101516","title":{"rendered":"Novela \u201cC\u00famplices de um Resgate\u201d resumo 08\/12: Paola amea\u00e7a Andr\u00e9"},"content":{"rendered":"<p><img loading=\"lazy\" decoding=\"async\" class=\"alignleft size-thumbnail wp-image-71351\" src=\"https:\/\/migracao.redenoticia.com.br\/noticia\/imagens\/cumplices_de_um_resgate_sbt_novela_resumo-150x112.jpg\" alt=\"cumplices_de_um_resgate_sbt_novela_resumo\" width=\"150\" height=\"112\" srcset=\"https:\/\/migracao.redenoticia.com.br\/noticia\/imagens\/cumplices_de_um_resgate_sbt_novela_resumo-150x112.jpg 150w, https:\/\/migracao.redenoticia.com.br\/noticia\/imagens\/cumplices_de_um_resgate_sbt_novela_resumo-265x198.jpg 265w\" sizes=\"auto, (max-width: 150px) 100vw, 150px\" \/><strong><em>Novela \u201cC\u00famplices de um Resgate\u201d resumo 08\/12<\/em><\/strong>:\u00a0a C1R descobre na internet que o nome de Paola \u00e9 igual \u00e0 de um personagem de um filme em que a mulher volta para se vingar e usa uma peruca.\u00a0Desconfiados, Andr\u00e9 e Felipe resolvem ir \u00e0 mans\u00e3o e flagram Paola a conversar com Geraldo e Maur\u00edcio. Ao sa\u00edrem da mans\u00e3o, a bandana de Andr\u00e9 cai, Paola a encontra e descobre que est\u00e1 a ser espionada. Depois, Andr\u00e9 conta para Julia e Joaquim o que descobriram. Mais tarde, Paola d\u00e1 uma indireta e diz para Andr\u00e9 que ele perdeu sua bandana em algum lugar. <\/p>\n<p>No cap\u00edtulo 354(*), novela \u201cC\u00famplice de um Resgate\u201d, quinta-feira, 08 de dezembro \u2013 Andr\u00e9 e Felipe flagram Paola conversar com Geraldo e Maur\u00edcio na mans\u00e3o. Paola encontra a bandana de Andr\u00e9 no jardim e descobre que ele estava lhe espionando. Andr\u00e9 conta para Julia e Joaquim o que descobriram.<\/p>\n<p>Manuela est\u00e1 chateada com Joaquim. No vilarejo, T\u00e9o conta para Mateus sobre o beijo. Al\u00edcia volta para casa com os filhos e agradece Meire. Mateus ajuda T\u00e9o a como pedir Manuela e namoro.<\/p>\n<p>Sabrina espia e entende tudo errado. Ta\u00edsa e Tomas planejam como aumentar seus neg\u00f3cios e prejudicar ainda mais a D\u00f3-R\u00e9-Music. Paola diz para Andr\u00e9 que ele perdeu sua bandana em algum lugar. Augusto resgata uma cadela.<\/p>\n<p>(*) edi\u00e7\u00e3o do SBT, Novela \u201cC\u00famplices de um Resgate\u201d, sujeito a altera\u00e7\u00e3o de data e conte\u00fado.<\/p>\n","protected":false},"excerpt":{"rendered":"<p>Novela \u201cC\u00famplices de um Resgate\u201d resumo 08\/12:\u00a0a C1R descobre na internet que o nome de Paola \u00e9 igual \u00e0 de um personagem de um filme em que a mulher volta para se vingar e usa uma peruca.\u00a0Desconfiados, Andr\u00e9 e Felipe resolvem ir \u00e0 mans\u00e3o e flagram Paola a conversar com Geraldo e Maur\u00edcio. Ao sa\u00edrem [&hellip;]<\/p>\n","protected":false},"author":4,"featured_media":71351,"comment_status":"open","ping_status":"closed","sticky":false,"template":"","format":"standard","meta":{"tdm_status":"","tdm_grid_status":"","footnotes":""},"categories":[379,372,343],"tags":[441],"class_list":{"0":"post-101516","1":"post","2":"type-post","3":"status-publish","4":"format-standard","5":"has-post-thumbnail","7":"category-novelas","8":"category-sbt","9":"category-televisao","10":"tag-resumo-do-dia"},"_links":{"self":[{"href":"https:\/\/migracao.redenoticia.com.br\/noticia\/wp-json\/wp\/v2\/posts\/101516","targetHints":{"allow":["GET"]}}],"collection":[{"href":"https:\/\/migracao.redenoticia.com.br\/noticia\/wp-json\/wp\/v2\/posts"}],"about":[{"href":"https:\/\/migracao.redenoticia.com.br\/noticia\/wp-json\/wp\/v2\/types\/post"}],"author":[{"embeddable":true,"href":"https:\/\/migracao.redenoticia.com.br\/noticia\/wp-json\/wp\/v2\/users\/4"}],"replies":[{"embeddable":true,"href":"https:\/\/migracao.redenoticia.com.br\/noticia\/wp-json\/wp\/v2\/comments?post=101516"}],"version-history":[{"count":0,"href":"https:\/\/migracao.redenoticia.com.br\/noticia\/wp-json\/wp\/v2\/posts\/101516\/revisions"}],"wp:featuredmedia":[{"embeddable":true,"href":"https:\/\/migracao.redenoticia.com.br\/noticia\/wp-json\/wp\/v2\/media\/71351"}],"wp:attachment":[{"href":"https:\/\/migracao.redenoticia.com.br\/noticia\/wp-json\/wp\/v2\/media?parent=101516"}],"wp:term":[{"taxonomy":"category","embeddable":true,"href":"https:\/\/migracao.redenoticia.com.br\/noticia\/wp-json\/wp\/v2\/categories?post=101516"},{"taxonomy":"post_tag","embeddable":true,"href":"https:\/\/migracao.redenoticia.com.br\/noticia\/wp-json\/wp\/v2\/tags?post=101516"}],"curies":[{"name":"wp","href":"https:\/\/api.w.org\/{rel}","templated":true}]}}