{"id":101518,"date":"2016-12-07T18:25:14","date_gmt":"2016-12-07T20:25:14","guid":{"rendered":"http:\/\/www.redenoticia.com.br\/noticia\/?p=101518"},"modified":"2016-12-07T21:21:25","modified_gmt":"2016-12-07T23:21:25","slug":"novela-a-gata-resumo-0812-esmeralda-agride-gisele","status":"publish","type":"post","link":"https:\/\/migracao.redenoticia.com.br\/noticia\/2016\/novela-a-gata-resumo-0812-esmeralda-agride-gisele\/101518","title":{"rendered":"Novela \u201cA Gata\u201d resumo 08\/12: Esmeralda agride Gisele"},"content":{"rendered":"<p><img loading=\"lazy\" decoding=\"async\" class=\"alignleft size-thumbnail wp-image-92254\" src=\"https:\/\/migracao.redenoticia.com.br\/noticia\/imagens\/A_Gata_novela_resumo_SBT-150x112.jpg\" alt=\"A_Gata_novela_resumo_SBT\" width=\"150\" height=\"112\" srcset=\"https:\/\/migracao.redenoticia.com.br\/noticia\/imagens\/A_Gata_novela_resumo_SBT-150x112.jpg 150w, https:\/\/migracao.redenoticia.com.br\/noticia\/imagens\/A_Gata_novela_resumo_SBT-265x198.jpg 265w\" sizes=\"auto, (max-width: 150px) 100vw, 150px\" \/><strong><em>Novela \u201cA Gata\u201d resumo 08\/12<\/em><\/strong>: Garibaldo diz a Gisele que j\u00e1 sabe onde vive Esmeralda. Gisele n\u00e3o perde tempo e vai at\u00e9 ao local. Cansada de tantas amea\u00e7as e loucura, Esmeralda perde a cabe\u00e7a e agride Gisele. Depois, Esmeralda diz a Mariano que agrediu a vil\u00e3 e que ela amea\u00e7ou mandar Paulo para a pris\u00e3o. Mariano responde que ela n\u00e3o precisa se preocupar, mas Esmeralda diz que teme por seus filhos. Mariano a aconselha a n\u00e3o demonstrar medo. Mais tarde, Mariano diz a Gisele que o contrato de Paulo est\u00e1 nas m\u00e3os de um juiz e esse vai ser o fim da linha pra ela. Gisele fica furiosa, come\u00e7a a pensar nos seus inimigos e deseja se vingar de todos.<\/p>\n<p>No cap\u00edtulo 084(*), novela \u201cA Gata\u201d, quinta-feira, 08 de dezembro \u2013 O Silencioso entrega a Paulo e Mariano as chaves da mans\u00e3o e os diz que podem se mudar quando queiram. Garibaldo diz a Gisele que j\u00e1 sabe onde vive Esmeralda. Ela se surpreende ao ver Gisele em sua frente. Esmeralda diz a Mariano que agrediu Gisele, mas ela amea\u00e7ou mandar Paulo para a pris\u00e3o.<\/p>\n<p>Mariano responde que ela n\u00e3o precisa se preocupar. Esmeralda diz que teme por seus filhos. Mariano a aconselha a n\u00e3o demonstrar medo a Gisele. Mariano diz a Gisele que o contrato de Paulo est\u00e1 nas m\u00e3os de um juiz e esse ser\u00e1 o fim da linha pra ela. Gisele fica furiosa pensando que todos s\u00e3o seus inimigos e deseja se vingar de todos.<\/p>\n<p>Perla diz ao Silencioso que Esmeralda j\u00e1 deve saber que eles s\u00e3o seus pais e ele responde que Esmeralda s\u00f3 saber\u00e1 de sua boca quando ela e Paulo se acertarem. Esmeralda vai \u00e0 casa dos Martinez Negrete com a inten\u00e7\u00e3o de fazer as pazes. Lorena a diz que isso \u00e9 in\u00fatil, pois Augusto a odeia. Esmeralda se surpreende. Perla volta a dizer ao Silencioso que deveriam dizer a Esmeralda que s\u00e3o seus pais.<\/p>\n<p>(*) edi\u00e7\u00e3o do SBT, Novela \u201cA Gata\u201d, sujeito a altera\u00e7\u00e3o de data e conte\u00fado.<\/p>\n","protected":false},"excerpt":{"rendered":"<p>Novela \u201cA Gata\u201d resumo 08\/12: Garibaldo diz a Gisele que j\u00e1 sabe onde vive Esmeralda. Gisele n\u00e3o perde tempo e vai at\u00e9 ao local. Cansada de tantas amea\u00e7as e loucura, Esmeralda perde a cabe\u00e7a e agride Gisele. Depois, Esmeralda diz a Mariano que agrediu a vil\u00e3 e que ela amea\u00e7ou mandar Paulo para a pris\u00e3o. [&hellip;]<\/p>\n","protected":false},"author":4,"featured_media":92254,"comment_status":"open","ping_status":"closed","sticky":false,"template":"","format":"standard","meta":{"tdm_status":"","tdm_grid_status":"","footnotes":""},"categories":[379,372,343],"tags":[441],"class_list":{"0":"post-101518","1":"post","2":"type-post","3":"status-publish","4":"format-standard","5":"has-post-thumbnail","7":"category-novelas","8":"category-sbt","9":"category-televisao","10":"tag-resumo-do-dia"},"_links":{"self":[{"href":"https:\/\/migracao.redenoticia.com.br\/noticia\/wp-json\/wp\/v2\/posts\/101518","targetHints":{"allow":["GET"]}}],"collection":[{"href":"https:\/\/migracao.redenoticia.com.br\/noticia\/wp-json\/wp\/v2\/posts"}],"about":[{"href":"https:\/\/migracao.redenoticia.com.br\/noticia\/wp-json\/wp\/v2\/types\/post"}],"author":[{"embeddable":true,"href":"https:\/\/migracao.redenoticia.com.br\/noticia\/wp-json\/wp\/v2\/users\/4"}],"replies":[{"embeddable":true,"href":"https:\/\/migracao.redenoticia.com.br\/noticia\/wp-json\/wp\/v2\/comments?post=101518"}],"version-history":[{"count":0,"href":"https:\/\/migracao.redenoticia.com.br\/noticia\/wp-json\/wp\/v2\/posts\/101518\/revisions"}],"wp:featuredmedia":[{"embeddable":true,"href":"https:\/\/migracao.redenoticia.com.br\/noticia\/wp-json\/wp\/v2\/media\/92254"}],"wp:attachment":[{"href":"https:\/\/migracao.redenoticia.com.br\/noticia\/wp-json\/wp\/v2\/media?parent=101518"}],"wp:term":[{"taxonomy":"category","embeddable":true,"href":"https:\/\/migracao.redenoticia.com.br\/noticia\/wp-json\/wp\/v2\/categories?post=101518"},{"taxonomy":"post_tag","embeddable":true,"href":"https:\/\/migracao.redenoticia.com.br\/noticia\/wp-json\/wp\/v2\/tags?post=101518"}],"curies":[{"name":"wp","href":"https:\/\/api.w.org\/{rel}","templated":true}]}}