{"id":101570,"date":"2016-12-08T19:24:28","date_gmt":"2016-12-08T21:24:28","guid":{"rendered":"http:\/\/www.redenoticia.com.br\/noticia\/?p=101570"},"modified":"2016-12-07T22:26:58","modified_gmt":"2016-12-08T00:26:58","slug":"novela-escrava-mae-resumo-0912-atila-se-emociona-ao-ver-miguel","status":"publish","type":"post","link":"https:\/\/migracao.redenoticia.com.br\/noticia\/2016\/novela-escrava-mae-resumo-0912-atila-se-emociona-ao-ver-miguel\/101570","title":{"rendered":"Novela \u201cEscrava M\u00e3e\u201d resumo 09\/12: \u00c1tila se emociona ao ver Miguel"},"content":{"rendered":"<p> <img loading=\"lazy\" decoding=\"async\" class=\"alignleft size-thumbnail wp-image-87037\" src=\"https:\/\/migracao.redenoticia.com.br\/noticia\/imagens\/escrava-mae-novela-resumo-150x112.jpg\" alt=\"escrava-mae-novela-resumo\" width=\"150\" height=\"112\" srcset=\"https:\/\/migracao.redenoticia.com.br\/noticia\/imagens\/escrava-mae-novela-resumo-150x112.jpg 150w, https:\/\/migracao.redenoticia.com.br\/noticia\/imagens\/escrava-mae-novela-resumo-265x198.jpg 265w\" sizes=\"auto, (max-width: 150px) 100vw, 150px\" \/><strong><em>Novela \u201cEscrava M\u00e3e\u201d resumo 09\/12<\/em><\/strong>: na \u00c1frica, \u00c1tila se emociona ao ver Miguel se aproximando, espantado. Os dois se abra\u00e7am, \u00c1tila chora, aliviado. Miguel avista uma corrente nos p\u00e9s de \u00c1tila, que n\u00e3o consegue falar, de tanto que chora. Um homem se aproxima, com um chicote nas m\u00e3os. O soldado que estava com Miguel faz sinal para o homem, que se det\u00e9m. \u00c1tila diz a Miguel que ficou preso por d\u00edvida, enquanto buscava por sua filha desaparecida. \u00c1tila pede ajuda \u00e0 Miguel.<\/p>\n<p>No capitulo 118 (*), novela \u201cEscrava M\u00e3e\u201d, sexta-feira, 09 de dezembro &#8211; Guilherme discute com Almeida que quer aumentar os impostos sobre mat\u00e9ria-prima e m\u00e3o-de-obra. Urraca fica fuirosa com Z\u00e9 Le\u00e3o que n\u00e3o consegue produzir seu perfume pois as mercadorias n\u00e3o est\u00e3o chegando \u00e0 vila e que tamb\u00e9m perdeu a f\u00f3rmula e suas anota\u00e7\u00f5es. Guilherme, Quintiliano, Tom\u00e1s e Violeta conversam durante o jantar e Quintiliano comenta que Filipa est\u00e1 voltando para a fazenda e Violeta se anima. Quintiliano diz a Tom\u00e1s e Guilherme que eles precisam apoiar a decis\u00e3o de que Filipa deve se casar com o homem que ele escolheu. Na \u00c1frica, \u00c1tila se emociona ao ver Miguel se aproximando, espantado. Os dois se abra\u00e7am, \u00c1tila chora, aliviado. <\/p>\n<p>Miguel avista uma corrente nos p\u00e9s de \u00c1tila, que n\u00e3o consegue falar, de tanto que chora. Um homem se aproxima, com um chicote nas m\u00e3os. O soldado que estava com Miguel faz sinal para o homem, que se det\u00e9m. \u00c1tila diz a Miguel que ficou preso por d\u00edvida, enquanto buscava por sua filha desaparecida. \u00c1tila pede ajuda \u00e0 Miguel. Miguel diz \u00e0 \u00c1tila que ele est\u00e1 seguro e promete que lev\u00e1-lo de volta para o Brasil, custe o que custar. Juliana e Tito Pardo conversam j\u00e1 pr\u00f3ximos \u00e0 fazenda Engenho do Sol. Juliana diz que teme que Almeida queira se vingar por todos os anos que se passaram e que gostaria que Miguel estivesse ao seu lado. Tito Pardo a encoraja e acreditar na for\u00e7a que tem. <\/p>\n<p>\u00c1tila est\u00e1 aflito em ver Miguel conversando com um l\u00edder e conferindo seus documentos. Miguel diz \u00e0 \u00c1tila que vai pagar pela liberdade dele. Um homem se aproxima e abre as correntes de \u00c1tila. Guilherme est\u00e1 diante de Nestor que fica estupefado ao ouvir de Guilherme que deseja que Nestor se candidate a um cargo na C\u00e2mara. Kamau est\u00e1 diante de Teresa e Beatrice que aguardam enquanto Almeida foi buscar Le\u00f4ncio para apresentar a Kamau. Teresa comenta com Kamau sobre a educa\u00e7\u00e3o de Juliana e Sapi\u00e3o chega. Teresa diz que Sapi\u00e3o foi o respons\u00e1vel por salvar a vida de Juliana ainda quando pequena. Kamau encara Sapi\u00e3o, surpreso. Almeida procura por Le\u00f4ncio na frente da casa-grande. Le\u00f4ncio aparece e Almeida diz que precisa apresentar-lhe uma pessoa. Le\u00f4ncio aponta e v\u00ea uma carro\u00e7a chegando. \u00c9 Juliana e Tito Pardo. <\/p>\n<p>(*) edi\u00e7\u00e3o da Rede Record, Novela \u201cEscrava M\u00e3e\u201d, sujeito a altera\u00e7\u00e3o de data e conte\u00fado.<\/p>\n","protected":false},"excerpt":{"rendered":"<p>Novela \u201cEscrava M\u00e3e\u201d resumo 09\/12: na \u00c1frica, \u00c1tila se emociona ao ver Miguel se aproximando, espantado. Os dois se abra\u00e7am, \u00c1tila chora, aliviado. Miguel avista uma corrente nos p\u00e9s de \u00c1tila, que n\u00e3o consegue falar, de tanto que chora. Um homem se aproxima, com um chicote nas m\u00e3os. O soldado que estava com Miguel faz [&hellip;]<\/p>\n","protected":false},"author":2,"featured_media":87037,"comment_status":"open","ping_status":"closed","sticky":false,"template":"","format":"standard","meta":{"tdm_status":"","tdm_grid_status":"","footnotes":""},"categories":[379,371,343],"tags":[441],"class_list":{"0":"post-101570","1":"post","2":"type-post","3":"status-publish","4":"format-standard","5":"has-post-thumbnail","7":"category-novelas","8":"category-rede-record","9":"category-televisao","10":"tag-resumo-do-dia"},"_links":{"self":[{"href":"https:\/\/migracao.redenoticia.com.br\/noticia\/wp-json\/wp\/v2\/posts\/101570","targetHints":{"allow":["GET"]}}],"collection":[{"href":"https:\/\/migracao.redenoticia.com.br\/noticia\/wp-json\/wp\/v2\/posts"}],"about":[{"href":"https:\/\/migracao.redenoticia.com.br\/noticia\/wp-json\/wp\/v2\/types\/post"}],"author":[{"embeddable":true,"href":"https:\/\/migracao.redenoticia.com.br\/noticia\/wp-json\/wp\/v2\/users\/2"}],"replies":[{"embeddable":true,"href":"https:\/\/migracao.redenoticia.com.br\/noticia\/wp-json\/wp\/v2\/comments?post=101570"}],"version-history":[{"count":0,"href":"https:\/\/migracao.redenoticia.com.br\/noticia\/wp-json\/wp\/v2\/posts\/101570\/revisions"}],"wp:featuredmedia":[{"embeddable":true,"href":"https:\/\/migracao.redenoticia.com.br\/noticia\/wp-json\/wp\/v2\/media\/87037"}],"wp:attachment":[{"href":"https:\/\/migracao.redenoticia.com.br\/noticia\/wp-json\/wp\/v2\/media?parent=101570"}],"wp:term":[{"taxonomy":"category","embeddable":true,"href":"https:\/\/migracao.redenoticia.com.br\/noticia\/wp-json\/wp\/v2\/categories?post=101570"},{"taxonomy":"post_tag","embeddable":true,"href":"https:\/\/migracao.redenoticia.com.br\/noticia\/wp-json\/wp\/v2\/tags?post=101570"}],"curies":[{"name":"wp","href":"https:\/\/api.w.org\/{rel}","templated":true}]}}