{"id":101574,"date":"2016-12-08T19:32:36","date_gmt":"2016-12-08T21:32:36","guid":{"rendered":"http:\/\/www.redenoticia.com.br\/noticia\/?p=101574"},"modified":"2016-12-07T22:38:15","modified_gmt":"2016-12-08T00:38:15","slug":"novela-ezel-resumo-0912-ezel-brinca-com-yan-e-bahar","status":"publish","type":"post","link":"https:\/\/migracao.redenoticia.com.br\/noticia\/2016\/novela-ezel-resumo-0912-ezel-brinca-com-yan-e-bahar\/101574","title":{"rendered":"Novela \u201cEzel\u201d resumo 09\/12: Ezel brinca com Yan e Bahar"},"content":{"rendered":"<p> <img loading=\"lazy\" decoding=\"async\" class=\"alignleft size-thumbnail wp-image-98061\" src=\"https:\/\/migracao.redenoticia.com.br\/noticia\/imagens\/ezel_novela_band_resumo-150x112.jpg\" alt=\"ezel_novela_band_resumo\" width=\"150\" height=\"112\" srcset=\"https:\/\/migracao.redenoticia.com.br\/noticia\/imagens\/ezel_novela_band_resumo-150x112.jpg 150w, https:\/\/migracao.redenoticia.com.br\/noticia\/imagens\/ezel_novela_band_resumo-265x198.jpg 265w\" sizes=\"auto, (max-width: 150px) 100vw, 150px\" \/><strong><em> Novela \u201cEzel\u201d resumo 09\/12<\/em><\/strong>: Ezel vai \u00e0 casa de Eysan e brinca com Yan e Bahar. Eysan usa a chave que encontrou para entrar no quarto onde est\u00e1 a grava\u00e7\u00e3o do crime no cassino. Enquanto ela assiste ao v\u00eddeo, Yan aparece na porta. Eysan visita a tia doente no hospital e elas conversam sobre a paternidade de Yan.<\/p>\n<p>No capitulo 029 (*), novela \u201cEzel\u201d, sexta-feira, 09 de dezembro &#8211; Mert entrevista Ali, Cengiz e Eysan sobre o dia do crime e os tr\u00eas tentam confund\u00ed-lo. Mert visita a pris\u00e3o onde Omer ficou. Ali e Ezel v\u00e3o at\u00e9 a pris\u00e3o para encontrar Mert e Ezel fica muito tenso quando chega ao local.<\/p>\n<p> Mert interroga o diretor da pris\u00e3o em busca de explica\u00e7\u00f5es para o crime do irm\u00e3o. Ezel fica desconfort\u00e1vel na pris\u00e3o e Ali percebe. Um dos guardas conta a Ali que Omer e Ramiz eram amigos na cadeia. Ezel vai \u00e0 casa de Eysan e brinca com Yan e Bahar. Mert recebe uma liga\u00e7\u00e3o an\u00f4nima. Eysan encontra uma chave no bolso de Cengiz. Mert \u00e9 sequestrado.<\/p>\n<p> Mert recebe uma caixa e uma carta de Omer durante um encontro com Ramiz. Mert l\u00ea a carta e chora, Ezel observa de longe. Bahar reencontra o pai. Eysan usa a chave que encontrou para entrar no quarto onde est\u00e1 a grava\u00e7\u00e3o do crime no cassino. Enquanto ela assiste ao v\u00eddeo, Yan aparece na porta. Eysan visita a tia doente no hospital e elas conversam sobre a paternidade de Yan.<\/p>\n<p>(*) edi\u00e7\u00e3o da Band, Novela \u201cEzel\u201d, sujeito a altera\u00e7\u00e3o de data e conte\u00fado.<\/p>\n","protected":false},"excerpt":{"rendered":"<p>Novela \u201cEzel\u201d resumo 09\/12: Ezel vai \u00e0 casa de Eysan e brinca com Yan e Bahar. Eysan usa a chave que encontrou para entrar no quarto onde est\u00e1 a grava\u00e7\u00e3o do crime no cassino. Enquanto ela assiste ao v\u00eddeo, Yan aparece na porta. Eysan visita a tia doente no hospital e elas conversam sobre a [&hellip;]<\/p>\n","protected":false},"author":2,"featured_media":98061,"comment_status":"open","ping_status":"closed","sticky":false,"template":"","format":"standard","meta":{"tdm_status":"","tdm_grid_status":"","footnotes":""},"categories":[390,379,343],"tags":[441],"class_list":{"0":"post-101574","1":"post","2":"type-post","3":"status-publish","4":"format-standard","5":"has-post-thumbnail","7":"category-band","8":"category-novelas","9":"category-televisao","10":"tag-resumo-do-dia"},"_links":{"self":[{"href":"https:\/\/migracao.redenoticia.com.br\/noticia\/wp-json\/wp\/v2\/posts\/101574","targetHints":{"allow":["GET"]}}],"collection":[{"href":"https:\/\/migracao.redenoticia.com.br\/noticia\/wp-json\/wp\/v2\/posts"}],"about":[{"href":"https:\/\/migracao.redenoticia.com.br\/noticia\/wp-json\/wp\/v2\/types\/post"}],"author":[{"embeddable":true,"href":"https:\/\/migracao.redenoticia.com.br\/noticia\/wp-json\/wp\/v2\/users\/2"}],"replies":[{"embeddable":true,"href":"https:\/\/migracao.redenoticia.com.br\/noticia\/wp-json\/wp\/v2\/comments?post=101574"}],"version-history":[{"count":0,"href":"https:\/\/migracao.redenoticia.com.br\/noticia\/wp-json\/wp\/v2\/posts\/101574\/revisions"}],"wp:featuredmedia":[{"embeddable":true,"href":"https:\/\/migracao.redenoticia.com.br\/noticia\/wp-json\/wp\/v2\/media\/98061"}],"wp:attachment":[{"href":"https:\/\/migracao.redenoticia.com.br\/noticia\/wp-json\/wp\/v2\/media?parent=101574"}],"wp:term":[{"taxonomy":"category","embeddable":true,"href":"https:\/\/migracao.redenoticia.com.br\/noticia\/wp-json\/wp\/v2\/categories?post=101574"},{"taxonomy":"post_tag","embeddable":true,"href":"https:\/\/migracao.redenoticia.com.br\/noticia\/wp-json\/wp\/v2\/tags?post=101574"}],"curies":[{"name":"wp","href":"https:\/\/api.w.org\/{rel}","templated":true}]}}