{"id":101584,"date":"2016-12-08T06:37:24","date_gmt":"2016-12-08T08:37:24","guid":{"rendered":"http:\/\/www.redenoticia.com.br\/noticia\/?p=101584"},"modified":"2016-12-08T01:38:24","modified_gmt":"2016-12-08T03:38:24","slug":"instituto-butantan-faz-testes-da-vacina-de-dengue-em-minas-gerais","status":"publish","type":"post","link":"https:\/\/migracao.redenoticia.com.br\/noticia\/2016\/instituto-butantan-faz-testes-da-vacina-de-dengue-em-minas-gerais\/101584","title":{"rendered":"Instituto Butantan faz testes da vacina de dengue em Minas Gerais"},"content":{"rendered":"<p> O Instituto Butantan lan\u00e7ou oficialmente os testes cl\u00ednicos em humanos da primeira <em><strong>vacina brasileira da dengue<\/strong><\/em>. Os exames foram feitos em Belo Horizonte (MG). Ao todo, 1,2 mil pessoas de 2 a 59 anos participaram do estudo. Desse total, 2\/3 receberam a vacina e 1\/3 receberam placebo, uma subst\u00e2ncia com as mesmas caracter\u00edsticas da vacina, mas sem os v\u00edrus. Os participantes ser\u00e3o acompanhados por equipe m\u00e9dica por um per\u00edodo de cinco anos para verificar a efic\u00e1cia da prote\u00e7\u00e3o oferecida pela vacina.<\/p>\n<p>Essa \u00e9 a terceira e \u00faltima etapa antes de a vacina ser submetida \u00e0 aprova\u00e7\u00e3o da Ag\u00eancia Nacional de Vigil\u00e2ncia Sanit\u00e1ria (Anvisa). O veredicto da institui\u00e7\u00e3o possibilitar\u00e1 a vacina ser produzida em larga escala pelo Butantan.<\/p>\n<p>Os testes cl\u00ednicos em BH foram conduzidos pela Universidade Federal de Minas Gerais e ocorrer\u00e3o no Centro de Sa\u00fade Jardim Montanh\u00eas.<\/p>\n<p>Testes no Brasil<br \/>\nH\u00e1 testes em andamento em Manaus (AM), Boa Vista (RR), Porto Velho (RO), em tr\u00eas centros no Estado de S\u00e3o Paulo (Hospital das Cl\u00ednicas da Faculdade de Medicina da USP, Faculdade de Medicina de S\u00e3o Jos\u00e9 do Rio Preto e Santa Casa de Miseric\u00f3rdia de S\u00e3o Paulo), em Fortaleza (CE), Aracaju (SE) e Pernambuco na regi\u00e3o Nordeste, al\u00e9m de Porto Alegre (RS), Campo Grande (MS) e Cuiab\u00e1 (MT).<\/p>\n<p>Os testes envolver\u00e3o 17 mil volunt\u00e1rios em 13 cidades nas cinco regi\u00f5es do Brasil. Podem participar do estudo pessoas saud\u00e1veis, que j\u00e1 tiveram ou n\u00e3o dengue em algum momento da vida e que se enquadrem em tr\u00eas faixas et\u00e1rias: 2 a 6 anos, 7 a 17 anos e 18 a 59 anos.<\/p>\n<p>#SPContraoAedes<\/p>\n<p>Do Portal do Governo do Estado SP<\/p>\n","protected":false},"excerpt":{"rendered":"<p>O Instituto Butantan lan\u00e7ou oficialmente os testes cl\u00ednicos em humanos da primeira vacina brasileira da dengue. Os exames foram feitos em Belo Horizonte (MG). Ao todo, 1,2 mil pessoas de 2 a 59 anos participaram do estudo. Desse total, 2\/3 receberam a vacina e 1\/3 receberam placebo, uma subst\u00e2ncia com as mesmas caracter\u00edsticas da vacina, [&hellip;]<\/p>\n","protected":false},"author":2,"featured_media":34747,"comment_status":"open","ping_status":"closed","sticky":false,"template":"","format":"standard","meta":{"tdm_status":"","tdm_grid_status":"","footnotes":""},"categories":[22,5],"tags":[],"class_list":{"0":"post-101584","1":"post","2":"type-post","3":"status-publish","4":"format-standard","5":"has-post-thumbnail","7":"category-brasil","8":"category-saude-e-vida"},"_links":{"self":[{"href":"https:\/\/migracao.redenoticia.com.br\/noticia\/wp-json\/wp\/v2\/posts\/101584","targetHints":{"allow":["GET"]}}],"collection":[{"href":"https:\/\/migracao.redenoticia.com.br\/noticia\/wp-json\/wp\/v2\/posts"}],"about":[{"href":"https:\/\/migracao.redenoticia.com.br\/noticia\/wp-json\/wp\/v2\/types\/post"}],"author":[{"embeddable":true,"href":"https:\/\/migracao.redenoticia.com.br\/noticia\/wp-json\/wp\/v2\/users\/2"}],"replies":[{"embeddable":true,"href":"https:\/\/migracao.redenoticia.com.br\/noticia\/wp-json\/wp\/v2\/comments?post=101584"}],"version-history":[{"count":0,"href":"https:\/\/migracao.redenoticia.com.br\/noticia\/wp-json\/wp\/v2\/posts\/101584\/revisions"}],"wp:featuredmedia":[{"embeddable":true,"href":"https:\/\/migracao.redenoticia.com.br\/noticia\/wp-json\/wp\/v2\/media\/34747"}],"wp:attachment":[{"href":"https:\/\/migracao.redenoticia.com.br\/noticia\/wp-json\/wp\/v2\/media?parent=101584"}],"wp:term":[{"taxonomy":"category","embeddable":true,"href":"https:\/\/migracao.redenoticia.com.br\/noticia\/wp-json\/wp\/v2\/categories?post=101584"},{"taxonomy":"post_tag","embeddable":true,"href":"https:\/\/migracao.redenoticia.com.br\/noticia\/wp-json\/wp\/v2\/tags?post=101584"}],"curies":[{"name":"wp","href":"https:\/\/api.w.org\/{rel}","templated":true}]}}