{"id":101601,"date":"2016-12-08T20:55:00","date_gmt":"2016-12-08T22:55:00","guid":{"rendered":"http:\/\/www.redenoticia.com.br\/noticia\/?p=101601"},"modified":"2016-12-08T20:03:02","modified_gmt":"2016-12-08T22:03:02","slug":"novela-a-lei-do-amor-resumo-0912-pedro-segue-magnolia","status":"publish","type":"post","link":"https:\/\/migracao.redenoticia.com.br\/noticia\/2016\/novela-a-lei-do-amor-resumo-0912-pedro-segue-magnolia\/101601","title":{"rendered":"Novela \u201cA Lei do Amor\u201d resumo 09\/12: Pedro segue Magn\u00f3lia"},"content":{"rendered":"<p><img loading=\"lazy\" decoding=\"async\" class=\"alignleft size-thumbnail wp-image-94887\" src=\"https:\/\/migracao.redenoticia.com.br\/noticia\/imagens\/a_lei_do_amor_resumo_novela_globo-150x112.jpg\" alt=\"a_lei_do_amor_resumo_novela_globo\" width=\"150\" height=\"112\" srcset=\"https:\/\/migracao.redenoticia.com.br\/noticia\/imagens\/a_lei_do_amor_resumo_novela_globo-150x112.jpg 150w, https:\/\/migracao.redenoticia.com.br\/noticia\/imagens\/a_lei_do_amor_resumo_novela_globo-265x198.jpg 265w\" sizes=\"auto, (max-width: 150px) 100vw, 150px\" \/><strong><em>Novela \u201cA Lei do Amor\u201d resumo 09\/12<\/em><\/strong>:\u00a0Camila v\u00ea Ciro sair do quarto de Magn\u00f3lia e conta para Pedro. Depois, Pedro vai ao quarto do pai e comenta que vai seguir Magn\u00f3lia. Fausto se desespera. Mais tarde, Pedro questiona Magn\u00f3lia sobre sua rela\u00e7\u00e3o com Ciro e esta tenta disfar\u00e7ar sua inseguran\u00e7a. Desconfiado, o arquiteto segue a madrasta at\u00e9 um restaurante e flagra o encontro dela com o genro e amante. <\/p>\n<p>No cap\u00edtulo 059(*), novela \u201cA Lei do Amor\u201d, sexta-feira, 09 de dezembro \u2013 Ti\u00e3o \u00e9 rude com Hel\u00f4.\u00a0Magn\u00f3lia disfar\u00e7a sua inseguran\u00e7a diante de Pedro.\u00a0Ana Luiza ajuda na recupera\u00e7\u00e3o de Fausto.<\/p>\n<p>Tiago encontra o colar de Isabela em sua mochila. Salete comenta com Gustavo sobre o desaparecimento do dinheiro. Pedro decide levar Edu at\u00e9 a casa de Ti\u00e3o.<\/p>\n<p>Aline tenta se fazer de v\u00edtima para Salete, que recorre a Yara.<\/p>\n<p>(*) edi\u00e7\u00e3o da Rede Globo, Novela \u201cA Lei do Amor\u201d, sujeito a altera\u00e7\u00e3o de data e conte\u00fado.<\/p>\n","protected":false},"excerpt":{"rendered":"<p>Novela \u201cA Lei do Amor\u201d resumo 09\/12:\u00a0Camila v\u00ea Ciro sair do quarto de Magn\u00f3lia e conta para Pedro. Depois, Pedro vai ao quarto do pai e comenta que vai seguir Magn\u00f3lia. Fausto se desespera. Mais tarde, Pedro questiona Magn\u00f3lia sobre sua rela\u00e7\u00e3o com Ciro e esta tenta disfar\u00e7ar sua inseguran\u00e7a. Desconfiado, o arquiteto segue a [&hellip;]<\/p>\n","protected":false},"author":4,"featured_media":94887,"comment_status":"open","ping_status":"closed","sticky":false,"template":"","format":"standard","meta":{"tdm_status":"","tdm_grid_status":"","footnotes":""},"categories":[379,375,343],"tags":[441],"class_list":{"0":"post-101601","1":"post","2":"type-post","3":"status-publish","4":"format-standard","5":"has-post-thumbnail","7":"category-novelas","8":"category-rede-globo","9":"category-televisao","10":"tag-resumo-do-dia"},"_links":{"self":[{"href":"https:\/\/migracao.redenoticia.com.br\/noticia\/wp-json\/wp\/v2\/posts\/101601","targetHints":{"allow":["GET"]}}],"collection":[{"href":"https:\/\/migracao.redenoticia.com.br\/noticia\/wp-json\/wp\/v2\/posts"}],"about":[{"href":"https:\/\/migracao.redenoticia.com.br\/noticia\/wp-json\/wp\/v2\/types\/post"}],"author":[{"embeddable":true,"href":"https:\/\/migracao.redenoticia.com.br\/noticia\/wp-json\/wp\/v2\/users\/4"}],"replies":[{"embeddable":true,"href":"https:\/\/migracao.redenoticia.com.br\/noticia\/wp-json\/wp\/v2\/comments?post=101601"}],"version-history":[{"count":0,"href":"https:\/\/migracao.redenoticia.com.br\/noticia\/wp-json\/wp\/v2\/posts\/101601\/revisions"}],"wp:featuredmedia":[{"embeddable":true,"href":"https:\/\/migracao.redenoticia.com.br\/noticia\/wp-json\/wp\/v2\/media\/94887"}],"wp:attachment":[{"href":"https:\/\/migracao.redenoticia.com.br\/noticia\/wp-json\/wp\/v2\/media?parent=101601"}],"wp:term":[{"taxonomy":"category","embeddable":true,"href":"https:\/\/migracao.redenoticia.com.br\/noticia\/wp-json\/wp\/v2\/categories?post=101601"},{"taxonomy":"post_tag","embeddable":true,"href":"https:\/\/migracao.redenoticia.com.br\/noticia\/wp-json\/wp\/v2\/tags?post=101601"}],"curies":[{"name":"wp","href":"https:\/\/api.w.org\/{rel}","templated":true}]}}