{"id":101608,"date":"2016-12-08T18:05:48","date_gmt":"2016-12-08T20:05:48","guid":{"rendered":"http:\/\/www.redenoticia.com.br\/noticia\/?p=101608"},"modified":"2016-12-08T19:45:17","modified_gmt":"2016-12-08T21:45:17","slug":"novela-malhacao-resumo-0912-juliana-conhece-marlene","status":"publish","type":"post","link":"https:\/\/migracao.redenoticia.com.br\/noticia\/2016\/novela-malhacao-resumo-0912-juliana-conhece-marlene\/101608","title":{"rendered":"Novela \u201cMalha\u00e7\u00e3o\u201d resumo 09\/12: Juliana conhece Marlene"},"content":{"rendered":"<p><img loading=\"lazy\" decoding=\"async\" class=\"alignleft size-thumbnail wp-image-91715\" src=\"https:\/\/migracao.redenoticia.com.br\/noticia\/imagens\/malhacao_pro_dia_nascer_feliz_resumo_novela-150x112.jpg\" alt=\"malhacao_pro_dia_nascer_feliz_resumo_novela\" width=\"150\" height=\"112\" srcset=\"https:\/\/migracao.redenoticia.com.br\/noticia\/imagens\/malhacao_pro_dia_nascer_feliz_resumo_novela-150x112.jpg 150w, https:\/\/migracao.redenoticia.com.br\/noticia\/imagens\/malhacao_pro_dia_nascer_feliz_resumo_novela-265x198.jpg 265w\" sizes=\"auto, (max-width: 150px) 100vw, 150px\" \/><strong><em>Novela \u201cMalha\u00e7\u00e3o\u201d resumo 09\/12<\/em><\/strong>:\u00a0Ricardo flagra mais uma vez\u00a0Juliana na garupa da moto de\u00a0Jab\u00e1. Cansado de brigar com a filha, ele\u00a0avisa que vai tomar uma atitude dr\u00e1stica caso ela volta a desobedec\u00ea-lo. Ricardo diz que quer conversar com os pais do garoto. Juliana se desespera e diz que ele n\u00e3o pode falar com os pais de Jab\u00e1. Ricardo\u00a0diz que tem muito assunto para tratar com os respons\u00e1veis do genro e ela deixa escapar o segredo do namorado ao dizer que o pai dele \u00e9 problem\u00e1tico. Ricardo estranha. Juliana descobre que Reinaldo destruiu a moto de Jab\u00e1 e esta o pressiona a tomar uma atitude em rela\u00e7\u00e3o ao pai. Mais tarde, Juliana conhece Marlene.<\/p>\n<p>No cap\u00edtulo 080(*), novela \u201cMalha\u00e7\u00e3o\u201d, sexta-feira, 09 de dezembro \u2013 Juliana confronta Ricardo sobre a diferen\u00e7a de atitude com Joana e as outras irm\u00e3s. Giovane enfrenta Gabriel e Irene por causa de Joana.<\/p>\n<p>Luiza afirma que Lucas gostou do beijo. Reinaldo destr\u00f3i a motocicleta de Jab\u00e1. Lucas diz a Arthur que ele e Luiza est\u00e3o namorando. Juliana pressiona Jab\u00e1 a tomar uma atitude em rela\u00e7\u00e3o a Reinaldo.<\/p>\n<p>Corr\u00eaa exige a presen\u00e7a de Marlene, m\u00e3e de Jab\u00e1, no Dom Fern\u00e3o. Belloto conversa com J\u00e9ssica sobre a viagem aos Estados Unidos. Juliana conhece Marlene. J\u00e9ssica decide levar Nanda como acompanhante da viagem.<\/p>\n<p>(*) edi\u00e7\u00e3o da Rede Globo, Novela \u201cMalha\u00e7\u00e3o\u201d, sujeito a altera\u00e7\u00e3o de data e conte\u00fado.<\/p>\n","protected":false},"excerpt":{"rendered":"<p>Novela \u201cMalha\u00e7\u00e3o\u201d resumo 09\/12:\u00a0Ricardo flagra mais uma vez\u00a0Juliana na garupa da moto de\u00a0Jab\u00e1. Cansado de brigar com a filha, ele\u00a0avisa que vai tomar uma atitude dr\u00e1stica caso ela volta a desobedec\u00ea-lo. Ricardo diz que quer conversar com os pais do garoto. Juliana se desespera e diz que ele n\u00e3o pode falar com os pais de [&hellip;]<\/p>\n","protected":false},"author":4,"featured_media":91715,"comment_status":"open","ping_status":"closed","sticky":false,"template":"","format":"standard","meta":{"tdm_status":"","tdm_grid_status":"","footnotes":""},"categories":[447,379,375,343],"tags":[441],"class_list":{"0":"post-101608","1":"post","2":"type-post","3":"status-publish","4":"format-standard","5":"has-post-thumbnail","7":"category-malhacao","8":"category-novelas","9":"category-rede-globo","10":"category-televisao","11":"tag-resumo-do-dia"},"_links":{"self":[{"href":"https:\/\/migracao.redenoticia.com.br\/noticia\/wp-json\/wp\/v2\/posts\/101608","targetHints":{"allow":["GET"]}}],"collection":[{"href":"https:\/\/migracao.redenoticia.com.br\/noticia\/wp-json\/wp\/v2\/posts"}],"about":[{"href":"https:\/\/migracao.redenoticia.com.br\/noticia\/wp-json\/wp\/v2\/types\/post"}],"author":[{"embeddable":true,"href":"https:\/\/migracao.redenoticia.com.br\/noticia\/wp-json\/wp\/v2\/users\/4"}],"replies":[{"embeddable":true,"href":"https:\/\/migracao.redenoticia.com.br\/noticia\/wp-json\/wp\/v2\/comments?post=101608"}],"version-history":[{"count":0,"href":"https:\/\/migracao.redenoticia.com.br\/noticia\/wp-json\/wp\/v2\/posts\/101608\/revisions"}],"wp:featuredmedia":[{"embeddable":true,"href":"https:\/\/migracao.redenoticia.com.br\/noticia\/wp-json\/wp\/v2\/media\/91715"}],"wp:attachment":[{"href":"https:\/\/migracao.redenoticia.com.br\/noticia\/wp-json\/wp\/v2\/media?parent=101608"}],"wp:term":[{"taxonomy":"category","embeddable":true,"href":"https:\/\/migracao.redenoticia.com.br\/noticia\/wp-json\/wp\/v2\/categories?post=101608"},{"taxonomy":"post_tag","embeddable":true,"href":"https:\/\/migracao.redenoticia.com.br\/noticia\/wp-json\/wp\/v2\/tags?post=101608"}],"curies":[{"name":"wp","href":"https:\/\/api.w.org\/{rel}","templated":true}]}}