{"id":101610,"date":"2016-12-08T17:25:28","date_gmt":"2016-12-08T19:25:28","guid":{"rendered":"http:\/\/www.redenoticia.com.br\/noticia\/?p=101610"},"modified":"2016-12-08T19:42:54","modified_gmt":"2016-12-08T21:42:54","slug":"novela-cheias-de-charme-resumo-0912-cida-impressiona-se-com-elano","status":"publish","type":"post","link":"https:\/\/migracao.redenoticia.com.br\/noticia\/2016\/novela-cheias-de-charme-resumo-0912-cida-impressiona-se-com-elano\/101610","title":{"rendered":"Novela \u201cCheias de Charme\u201d resumo 09\/12: Cida se impressiona com Elano"},"content":{"rendered":"<p><img loading=\"lazy\" decoding=\"async\" class=\"alignleft size-thumbnail wp-image-95548\" src=\"https:\/\/migracao.redenoticia.com.br\/noticia\/imagens\/cheias-de-charme-novela-globo-internacional-resumo-proximo-capitulo-150x112.jpg\" alt=\"cheias-de-charme-novela-globo-internacional-resumo-proximo-capitulo\" width=\"150\" height=\"112\" \/><strong><em>Novela \u201cCheias de Charme\u201d resumo 09\/12<\/em><\/strong>:\u00a0Elano d\u00e1 um livro de presente para Cida. Ela l\u00ea o livro, mas sonha com Conrado. Elano afirma para Kleiton que vai conquistar Cida. Mais tarde, Serginho convida Cida para uma festa. Conrado e Isadora v\u00e3o \u00e0 mesma festa que Serginho e Cida. Cida fica impressionada com Elano. <\/p>\n<p>No cap\u00edtulo 060(*), novela \u201cCheias de Charme\u201d, sexta-feira, 09 de dezembro \u2013 In\u00e1cio termina de vez com Ros\u00e1rio. Conrado confirma para Sarmento que eles receber\u00e3o sua quantia com a tramoia que armaram para Otto. Socorro tenta descobrir que tempero Naldo usa na comida de Chayene.<\/p>\n<p>Penha se sensibiliza com Manuela. Dinha descobre que In\u00e1cio terminou com Ros\u00e1rio. Fabian pensa em ir ao ensaio das Empreguetes. Penha conta para Otto que Lygia est\u00e1 hospitalizada. Samuel se preocupa com a m\u00e3e. Chayene se anima com a m\u00fasica que Funny comp\u00f4s para ela.<\/p>\n<p>Serginho convida Cida para uma festa. Fabian chama Ros\u00e1rio para pescar. M\u00e1slova pede para Ivone mentir para Otto. Conrado e Isadora v\u00e3o \u00e0 mesma festa que Serginho e Cida. Dinha leva In\u00e1cio a uma academia para treinar luta. Cida fica impressionada com Elano. Fabian deixa Ros\u00e1rio em casa. Cida encontra Conrado na festa.<\/p>\n<p>(*) edi\u00e7\u00e3o da Rede Globo, Novela \u201cCheias de Charme\u201d, sujeito a altera\u00e7\u00e3o de data e conte\u00fado.<\/p>\n","protected":false},"excerpt":{"rendered":"<p>Novela \u201cCheias de Charme\u201d resumo 09\/12:\u00a0Elano d\u00e1 um livro de presente para Cida. Ela l\u00ea o livro, mas sonha com Conrado. Elano afirma para Kleiton que vai conquistar Cida. Mais tarde, Serginho convida Cida para uma festa. Conrado e Isadora v\u00e3o \u00e0 mesma festa que Serginho e Cida. Cida fica impressionada com Elano. No cap\u00edtulo [&hellip;]<\/p>\n","protected":false},"author":4,"featured_media":95548,"comment_status":"open","ping_status":"closed","sticky":false,"template":"","format":"standard","meta":{"tdm_status":"","tdm_grid_status":"","footnotes":""},"categories":[379,375,343],"tags":[441],"class_list":{"0":"post-101610","1":"post","2":"type-post","3":"status-publish","4":"format-standard","5":"has-post-thumbnail","7":"category-novelas","8":"category-rede-globo","9":"category-televisao","10":"tag-resumo-do-dia"},"_links":{"self":[{"href":"https:\/\/migracao.redenoticia.com.br\/noticia\/wp-json\/wp\/v2\/posts\/101610","targetHints":{"allow":["GET"]}}],"collection":[{"href":"https:\/\/migracao.redenoticia.com.br\/noticia\/wp-json\/wp\/v2\/posts"}],"about":[{"href":"https:\/\/migracao.redenoticia.com.br\/noticia\/wp-json\/wp\/v2\/types\/post"}],"author":[{"embeddable":true,"href":"https:\/\/migracao.redenoticia.com.br\/noticia\/wp-json\/wp\/v2\/users\/4"}],"replies":[{"embeddable":true,"href":"https:\/\/migracao.redenoticia.com.br\/noticia\/wp-json\/wp\/v2\/comments?post=101610"}],"version-history":[{"count":0,"href":"https:\/\/migracao.redenoticia.com.br\/noticia\/wp-json\/wp\/v2\/posts\/101610\/revisions"}],"wp:featuredmedia":[{"embeddable":true,"href":"https:\/\/migracao.redenoticia.com.br\/noticia\/wp-json\/wp\/v2\/media\/95548"}],"wp:attachment":[{"href":"https:\/\/migracao.redenoticia.com.br\/noticia\/wp-json\/wp\/v2\/media?parent=101610"}],"wp:term":[{"taxonomy":"category","embeddable":true,"href":"https:\/\/migracao.redenoticia.com.br\/noticia\/wp-json\/wp\/v2\/categories?post=101610"},{"taxonomy":"post_tag","embeddable":true,"href":"https:\/\/migracao.redenoticia.com.br\/noticia\/wp-json\/wp\/v2\/tags?post=101610"}],"curies":[{"name":"wp","href":"https:\/\/api.w.org\/{rel}","templated":true}]}}