{"id":101614,"date":"2016-12-08T20:25:14","date_gmt":"2016-12-08T22:25:14","guid":{"rendered":"http:\/\/www.redenoticia.com.br\/noticia\/?p=101614"},"modified":"2016-12-08T20:01:56","modified_gmt":"2016-12-08T22:01:56","slug":"novela-carinha-de-anjo-resumo-0912-irma-cecilia-ganha-festa-surpresa","status":"publish","type":"post","link":"https:\/\/migracao.redenoticia.com.br\/noticia\/2016\/novela-carinha-de-anjo-resumo-0912-irma-cecilia-ganha-festa-surpresa\/101614","title":{"rendered":"Novela \u201cCarinha de Anjo\u201d resumo 09\/12: Irm\u00e3 Cec\u00edlia ganha festa surpresa"},"content":{"rendered":"<p><img loading=\"lazy\" decoding=\"async\" class=\"alignleft size-thumbnail wp-image-99331\" src=\"https:\/\/migracao.redenoticia.com.br\/noticia\/imagens\/carinha_de_anjo_sbt_novela_resumo_capitulo-150x112.jpg\" alt=\"carinha_de_anjo_sbt_novela_resumo_capitulo\" width=\"150\" height=\"112\" srcset=\"https:\/\/migracao.redenoticia.com.br\/noticia\/imagens\/carinha_de_anjo_sbt_novela_resumo_capitulo-150x112.jpg 150w, https:\/\/migracao.redenoticia.com.br\/noticia\/imagens\/carinha_de_anjo_sbt_novela_resumo_capitulo-265x198.jpg 265w\" sizes=\"auto, (max-width: 150px) 100vw, 150px\" \/><strong><em>Novela \u201cCarinha de Anjo\u201d resumo 09\/12<\/em><\/strong>:\u00a0Dulce Maria volta para o orfanato e lembra Madre Superiora que Cec\u00edlia vai fazer 23 anos no dia seguinte, e que quer comprar um presente para ela. Ent\u00e3o, ela liga para o pai e pede ajuda para fazer a surpresa. Fabiana combina com as crian\u00e7as para arrumarem o p\u00e1tio. No dia seguinte, Irm\u00e3 Cec\u00edlia fica emocionada com a festa surpresa e Gustavo se preocupa, pois o presente que havia comprado para Cec\u00edlia foi destru\u00eddo por Osmar durante uma briga. Gustavo explica para Dulce Maria que o presente da irm\u00e3 Cec\u00edlia n\u00e3o vai ser entregue na festa, por\u00e9m ele leva flores para a novi\u00e7a. <\/p>\n<p>No cap\u00edtulo 015(*), novela \u201cCarinha de Anjo\u201d, sexta-feira, 09 de dezembro \u2013 Dulce Maria volta para o col\u00e9gio e recebe provoca\u00e7\u00f5es de B\u00e1rbara e Frida. Zeca vai at\u00e9 o apartamento de Juju e conta sobre parte do resultado do concurso. Em\u00edlio dan\u00e7a uma m\u00fasica e Juju grava o irm\u00e3o. Zeca fica envergonhado sobre as ideias de Juju para seu novo v\u00eddeo. Tia Perucas diz para o Padre Gabriel que ainda n\u00e3o aceitou a veracidade da a\u00e7\u00e3o de Nicole e Fl\u00e1vio. Z\u00e9 Felipe conta para o pai que acha que Zeca est\u00e1 apaixonado.<\/p>\n<p>Osmar pressiona Nicole mais uma vez. In\u00e1cio pergunta para Zeca o que est\u00e1 acontecendo entre ele e Juju. O garoto explica que ela est\u00e1 lhe ajudando com o concurso. Madre Superiora contrata P\u00e1scoal como novo jardineiro col\u00e9gio Doce Horizonte a pedido de Dulce Maria. A carinha de anjo lembra Madre Superiora que Cec\u00edlia far\u00e1 23 anos no dia seguinte e que quer comprar um presente para ela. Dulce Maria liga para o pai e pede ajuda para fazer a surpresa. In\u00e1cio explica como funciona o col\u00e9gio para Pascoal. Fabiana combina com as crian\u00e7as para arrumarem no p\u00e1tio tudo para fazer uma surpresa para o anivers\u00e1rio da irm\u00e3 Cec\u00edlia.<\/p>\n<p>Osmar vai atr\u00e1s de Gustavo, mas se depara com Tia Perucas, que estranha. Zeca est\u00e1 nervoso em ter que se apresentar para os jurados do concurso. Osmar vai at\u00e9 a empresa de Gustavo mandar que ele se afaste de Nicole. Gustavo se defende do homem, que vai embora. Gustavo n\u00e3o compreende quem \u00e9 Osmar. Juju leva algumas roupas que marcas mandaram emprestadas para Zeca usar. Z\u00e9 Felipe diz que Juju \u00e9 namorada de Zeca. Irm\u00e3 Cec\u00edlia fica emocionada com a festa surpresa. Gustavo se preocupa, pois o presente que havia comprado para Cec\u00edlia foi destru\u00eddo por Osmar durante a briga. Gustavo explica para Dulce Maria que o presente da irm\u00e3 Cec\u00edlia n\u00e3o ser\u00e1 entregue na festa, por\u00e9m ele leva flores para a novi\u00e7a.<\/p>\n<p>(*) edi\u00e7\u00e3o do SBT, Novela \u201cCarinha de Anjo\u201d, sujeito a altera\u00e7\u00e3o de data e conte\u00fado.<\/p>\n","protected":false},"excerpt":{"rendered":"<p>Novela \u201cCarinha de Anjo\u201d resumo 09\/12:\u00a0Dulce Maria volta para o orfanato e lembra Madre Superiora que Cec\u00edlia vai fazer 23 anos no dia seguinte, e que quer comprar um presente para ela. Ent\u00e3o, ela liga para o pai e pede ajuda para fazer a surpresa. Fabiana combina com as crian\u00e7as para arrumarem o p\u00e1tio. No [&hellip;]<\/p>\n","protected":false},"author":4,"featured_media":99331,"comment_status":"open","ping_status":"closed","sticky":false,"template":"","format":"standard","meta":{"tdm_status":"","tdm_grid_status":"","footnotes":""},"categories":[452,379,372,343],"tags":[441],"class_list":{"0":"post-101614","1":"post","2":"type-post","3":"status-publish","4":"format-standard","5":"has-post-thumbnail","7":"category-carinha-de-anjo","8":"category-novelas","9":"category-sbt","10":"category-televisao","11":"tag-resumo-do-dia"},"_links":{"self":[{"href":"https:\/\/migracao.redenoticia.com.br\/noticia\/wp-json\/wp\/v2\/posts\/101614","targetHints":{"allow":["GET"]}}],"collection":[{"href":"https:\/\/migracao.redenoticia.com.br\/noticia\/wp-json\/wp\/v2\/posts"}],"about":[{"href":"https:\/\/migracao.redenoticia.com.br\/noticia\/wp-json\/wp\/v2\/types\/post"}],"author":[{"embeddable":true,"href":"https:\/\/migracao.redenoticia.com.br\/noticia\/wp-json\/wp\/v2\/users\/4"}],"replies":[{"embeddable":true,"href":"https:\/\/migracao.redenoticia.com.br\/noticia\/wp-json\/wp\/v2\/comments?post=101614"}],"version-history":[{"count":0,"href":"https:\/\/migracao.redenoticia.com.br\/noticia\/wp-json\/wp\/v2\/posts\/101614\/revisions"}],"wp:featuredmedia":[{"embeddable":true,"href":"https:\/\/migracao.redenoticia.com.br\/noticia\/wp-json\/wp\/v2\/media\/99331"}],"wp:attachment":[{"href":"https:\/\/migracao.redenoticia.com.br\/noticia\/wp-json\/wp\/v2\/media?parent=101614"}],"wp:term":[{"taxonomy":"category","embeddable":true,"href":"https:\/\/migracao.redenoticia.com.br\/noticia\/wp-json\/wp\/v2\/categories?post=101614"},{"taxonomy":"post_tag","embeddable":true,"href":"https:\/\/migracao.redenoticia.com.br\/noticia\/wp-json\/wp\/v2\/tags?post=101614"}],"curies":[{"name":"wp","href":"https:\/\/api.w.org\/{rel}","templated":true}]}}