{"id":101616,"date":"2016-12-08T19:55:52","date_gmt":"2016-12-08T21:55:52","guid":{"rendered":"http:\/\/www.redenoticia.com.br\/noticia\/?p=101616"},"modified":"2016-12-08T19:58:19","modified_gmt":"2016-12-08T21:58:19","slug":"novela-cumplices-de-um-resgate-resumo-0912-isabela-garante-que-paola-e-regina","status":"publish","type":"post","link":"https:\/\/migracao.redenoticia.com.br\/noticia\/2016\/novela-cumplices-de-um-resgate-resumo-0912-isabela-garante-que-paola-e-regina\/101616","title":{"rendered":"Novela \u201cC\u00famplices de um Resgate\u201d resumo 09\/12: Isabela garante que Paola \u00e9 Regina"},"content":{"rendered":"<p><img loading=\"lazy\" decoding=\"async\" class=\"alignleft size-thumbnail wp-image-71351\" src=\"https:\/\/migracao.redenoticia.com.br\/noticia\/imagens\/cumplices_de_um_resgate_sbt_novela_resumo-150x112.jpg\" alt=\"cumplices_de_um_resgate_sbt_novela_resumo\" width=\"150\" height=\"112\" srcset=\"https:\/\/migracao.redenoticia.com.br\/noticia\/imagens\/cumplices_de_um_resgate_sbt_novela_resumo-150x112.jpg 150w, https:\/\/migracao.redenoticia.com.br\/noticia\/imagens\/cumplices_de_um_resgate_sbt_novela_resumo-265x198.jpg 265w\" sizes=\"auto, (max-width: 150px) 100vw, 150px\" \/><strong><em>Novela \u201cC\u00famplices de um Resgate\u201d resumo 09\/12<\/em><\/strong>:\u00a0Paola diz para Andr\u00e9 que ele perdeu sua bandana em algum lugar e este responde que n\u00e3o sabia que a tinha perdido. Os C1R contam tudo o que descobriram sobre Paola. Andr\u00e9 vai at\u00e9 a D\u00f3-R\u00e9-Music e diz que Paola j\u00e1 sabe que ele esteve na mans\u00e3o. Joaquim aconselha que denunciem Paola para a pol\u00edcia, pois se ela est\u00e1 a acobertar criminosos, tamb\u00e9m pode ser presa. A pol\u00edcia vai at\u00e9 a mans\u00e3o para averiguar se Geraldo e Maur\u00edcio est\u00e3o l\u00e1. Paola diz que n\u00e3o os conhece. Mais tarde, a mulher fica irritada, aperta Isabela e grita com ela. Isabela sai em choque e garante para Manuela que Paola na verdade \u00e9 Regina. <\/p>\n<p>No cap\u00edtulo 355(*), novela \u201cC\u00famplice de um Resgate\u201d, sexta-feira, 09 de dezembro \u2013 Andr\u00e9 diz que n\u00e3o sabia que tinha perdido. Os C1R contam tudo o que descobriram sobre Paola. Andr\u00e9 vai at\u00e9 a D\u00f3-R\u00e9-Music e diz que Paola j\u00e1 sabe que ele esteve na mans\u00e3o. Joaquim aconselha que denunciem Paola para a pol\u00edcia, pois se ela est\u00e1 acobertando criminosos, tamb\u00e9m pode ser presa. Manteiguinha conversa com a cadela Chiquinha resgatada pelo pastor. Pedro e Helena seguem brigados. A pol\u00edcia vai at\u00e9 a mans\u00e3o para averiguar se Geraldo e Maur\u00edcio est\u00e3o l\u00e1.<\/p>\n<p>D\u00f3ris diz para Mateus que est\u00e1 pr\u00f3ximo do t\u00e9rmino da hist\u00f3ria, onde todos est\u00e3o pr\u00f3ximos de desmascarar todos os vil\u00f5es (mesmo livro em que ela come\u00e7ou a ler no primeiro cap\u00edtulo da novela). As bandas est\u00e3o nos bastidores do programa para participar da grande final. Tomas vai atr\u00e1s de Ot\u00e1vio para propor uma sociedade. Ot\u00e1vio n\u00e3o aceita. Paola diz que n\u00e3o conhece Maur\u00edcio e nem Geraldo. A mulher fica irritada, aperta Isabela e grita com ela. Isabela sai em choque e garante para Manuela que Paola na verdade \u00e9 Regina.<\/p>\n<p>Joaquim vai atr\u00e1s de Manuela e explica que n\u00e3o conhece nenhuma f\u00e3 que se chama Vicky. A garota aparece novamente e Manuela sai chateada. Chlo\u00e9 grava um v\u00eddeo de Benjamim e Priscila comemorando o plano da f\u00e3 para atrapalhar o namoro de Manuela momentos antes da grande final do concurso. Insanos se apresentam na final do concurso de bandas, com apresenta\u00e7\u00e3o de Andr\u00e9 Vasco. Chol\u00e9 manda o v\u00eddeo para Manuela, que descobre o plano de Priscila e Benjamim. Come\u00e7a o julgamento de Sandro, mas as pessoas que ele ajudou aparecem no tribunal com Laura para testemunhar pela sua bondade.<\/p>\n<p>(*) edi\u00e7\u00e3o do SBT, Novela \u201cC\u00famplices de um Resgate\u201d, sujeito a altera\u00e7\u00e3o de data e conte\u00fado.<\/p>\n","protected":false},"excerpt":{"rendered":"<p>Novela \u201cC\u00famplices de um Resgate\u201d resumo 09\/12:\u00a0Paola diz para Andr\u00e9 que ele perdeu sua bandana em algum lugar e este responde que n\u00e3o sabia que a tinha perdido. Os C1R contam tudo o que descobriram sobre Paola. Andr\u00e9 vai at\u00e9 a D\u00f3-R\u00e9-Music e diz que Paola j\u00e1 sabe que ele esteve na mans\u00e3o. Joaquim aconselha [&hellip;]<\/p>\n","protected":false},"author":4,"featured_media":71351,"comment_status":"open","ping_status":"closed","sticky":false,"template":"","format":"standard","meta":{"tdm_status":"","tdm_grid_status":"","footnotes":""},"categories":[379,372,343],"tags":[441],"class_list":{"0":"post-101616","1":"post","2":"type-post","3":"status-publish","4":"format-standard","5":"has-post-thumbnail","7":"category-novelas","8":"category-sbt","9":"category-televisao","10":"tag-resumo-do-dia"},"_links":{"self":[{"href":"https:\/\/migracao.redenoticia.com.br\/noticia\/wp-json\/wp\/v2\/posts\/101616","targetHints":{"allow":["GET"]}}],"collection":[{"href":"https:\/\/migracao.redenoticia.com.br\/noticia\/wp-json\/wp\/v2\/posts"}],"about":[{"href":"https:\/\/migracao.redenoticia.com.br\/noticia\/wp-json\/wp\/v2\/types\/post"}],"author":[{"embeddable":true,"href":"https:\/\/migracao.redenoticia.com.br\/noticia\/wp-json\/wp\/v2\/users\/4"}],"replies":[{"embeddable":true,"href":"https:\/\/migracao.redenoticia.com.br\/noticia\/wp-json\/wp\/v2\/comments?post=101616"}],"version-history":[{"count":0,"href":"https:\/\/migracao.redenoticia.com.br\/noticia\/wp-json\/wp\/v2\/posts\/101616\/revisions"}],"wp:featuredmedia":[{"embeddable":true,"href":"https:\/\/migracao.redenoticia.com.br\/noticia\/wp-json\/wp\/v2\/media\/71351"}],"wp:attachment":[{"href":"https:\/\/migracao.redenoticia.com.br\/noticia\/wp-json\/wp\/v2\/media?parent=101616"}],"wp:term":[{"taxonomy":"category","embeddable":true,"href":"https:\/\/migracao.redenoticia.com.br\/noticia\/wp-json\/wp\/v2\/categories?post=101616"},{"taxonomy":"post_tag","embeddable":true,"href":"https:\/\/migracao.redenoticia.com.br\/noticia\/wp-json\/wp\/v2\/tags?post=101616"}],"curies":[{"name":"wp","href":"https:\/\/api.w.org\/{rel}","templated":true}]}}