{"id":101619,"date":"2016-12-08T18:25:37","date_gmt":"2016-12-08T20:25:37","guid":{"rendered":"http:\/\/www.redenoticia.com.br\/noticia\/?p=101619"},"modified":"2016-12-08T19:49:32","modified_gmt":"2016-12-08T21:49:32","slug":"novela-a-gata-resumo-0912-esmeralda-desconfia-seu-pai-e-o-silencioso","status":"publish","type":"post","link":"https:\/\/migracao.redenoticia.com.br\/noticia\/2016\/novela-a-gata-resumo-0912-esmeralda-desconfia-seu-pai-e-o-silencioso\/101619","title":{"rendered":"Novela \u201cA Gata\u201d resumo 09\/12: Esmeralda desconfia que seu pai \u00e9 o Silencioso"},"content":{"rendered":"<p><img loading=\"lazy\" decoding=\"async\" class=\"alignleft size-thumbnail wp-image-92254\" src=\"https:\/\/migracao.redenoticia.com.br\/noticia\/imagens\/A_Gata_novela_resumo_SBT-150x112.jpg\" alt=\"A_Gata_novela_resumo_SBT\" width=\"150\" height=\"112\" srcset=\"https:\/\/migracao.redenoticia.com.br\/noticia\/imagens\/A_Gata_novela_resumo_SBT-150x112.jpg 150w, https:\/\/migracao.redenoticia.com.br\/noticia\/imagens\/A_Gata_novela_resumo_SBT-265x198.jpg 265w\" sizes=\"auto, (max-width: 150px) 100vw, 150px\" \/><strong><em>Novela \u201cA Gata\u201d resumo 09\/12<\/em><\/strong>:\u00a0Perla diz a Silencioso que Esmeralda j\u00e1 deve saber que eles s\u00e3o seus pais. Ele responde que Esmeralda s\u00f3 vai saber de sua boca quando ela e Paulo se acertarem. Esmeralda vai \u00e0 casa dos Martinez Negrete com a inten\u00e7\u00e3o de fazer as pazes, mas Lorena a diz que isso \u00e9 in\u00fatil, pois Augusto a odeia. Esmeralda se surpreende. Depois, Esmeralda conversa com Jacira e diz que Augusto se op\u00f5e a seu casamento com Paulo porque conhece seu pai. Ela come\u00e7a a desconfiar que Silencioso \u00e9 seu pai. <\/p>\n<p>No cap\u00edtulo 085(*), novela \u201cA Gata\u201d, sexta-feira, 09 de dezembro \u2013 Perla diz ao Silencioso que eles deveriam dizer a Esmeralda s\u00e3o seus verdadeiros pais. Paulo diz a Jacira que Silencioso est\u00e1 lhe tirando o direito de desfrutar a conviv\u00eancia com seus pais.<\/p>\n<p>Esmeralda diz a Jacira que Augusto se op\u00f5e a seu casamento com Paulo porque conhece seu pai. Ela come\u00e7a a desconfiar que se trata de Silencioso. Gisele diz a Lorena que vai vender uns quadros de Paulo em Paris.<\/p>\n<p>Ela afirma que aproveitar\u00e1 para curar-se e voltar renovada para conquistar o amor de Paulo. Lorena pede a Gisele que n\u00e3o v\u00e1 at\u00e9 separar Esmeralda de Paulo definitivamente.<\/p>\n<p>(*) edi\u00e7\u00e3o do SBT, Novela \u201cA Gata\u201d, sujeito a altera\u00e7\u00e3o de data e conte\u00fado.<\/p>\n","protected":false},"excerpt":{"rendered":"<p>Novela \u201cA Gata\u201d resumo 09\/12:\u00a0Perla diz a Silencioso que Esmeralda j\u00e1 deve saber que eles s\u00e3o seus pais. Ele responde que Esmeralda s\u00f3 vai saber de sua boca quando ela e Paulo se acertarem. Esmeralda vai \u00e0 casa dos Martinez Negrete com a inten\u00e7\u00e3o de fazer as pazes, mas Lorena a diz que isso \u00e9 [&hellip;]<\/p>\n","protected":false},"author":4,"featured_media":92254,"comment_status":"open","ping_status":"closed","sticky":false,"template":"","format":"standard","meta":{"tdm_status":"","tdm_grid_status":"","footnotes":""},"categories":[379,372,343],"tags":[441],"class_list":{"0":"post-101619","1":"post","2":"type-post","3":"status-publish","4":"format-standard","5":"has-post-thumbnail","7":"category-novelas","8":"category-sbt","9":"category-televisao","10":"tag-resumo-do-dia"},"_links":{"self":[{"href":"https:\/\/migracao.redenoticia.com.br\/noticia\/wp-json\/wp\/v2\/posts\/101619","targetHints":{"allow":["GET"]}}],"collection":[{"href":"https:\/\/migracao.redenoticia.com.br\/noticia\/wp-json\/wp\/v2\/posts"}],"about":[{"href":"https:\/\/migracao.redenoticia.com.br\/noticia\/wp-json\/wp\/v2\/types\/post"}],"author":[{"embeddable":true,"href":"https:\/\/migracao.redenoticia.com.br\/noticia\/wp-json\/wp\/v2\/users\/4"}],"replies":[{"embeddable":true,"href":"https:\/\/migracao.redenoticia.com.br\/noticia\/wp-json\/wp\/v2\/comments?post=101619"}],"version-history":[{"count":0,"href":"https:\/\/migracao.redenoticia.com.br\/noticia\/wp-json\/wp\/v2\/posts\/101619\/revisions"}],"wp:featuredmedia":[{"embeddable":true,"href":"https:\/\/migracao.redenoticia.com.br\/noticia\/wp-json\/wp\/v2\/media\/92254"}],"wp:attachment":[{"href":"https:\/\/migracao.redenoticia.com.br\/noticia\/wp-json\/wp\/v2\/media?parent=101619"}],"wp:term":[{"taxonomy":"category","embeddable":true,"href":"https:\/\/migracao.redenoticia.com.br\/noticia\/wp-json\/wp\/v2\/categories?post=101619"},{"taxonomy":"post_tag","embeddable":true,"href":"https:\/\/migracao.redenoticia.com.br\/noticia\/wp-json\/wp\/v2\/tags?post=101619"}],"curies":[{"name":"wp","href":"https:\/\/api.w.org\/{rel}","templated":true}]}}