{"id":101621,"date":"2016-12-08T17:15:01","date_gmt":"2016-12-08T19:15:01","guid":{"rendered":"http:\/\/www.redenoticia.com.br\/noticia\/?p=101621"},"modified":"2016-12-08T19:41:51","modified_gmt":"2016-12-08T21:41:51","slug":"novela-lagrimas-de-amor-resumo-0912-romulo-vai-a-casa-de-regina","status":"publish","type":"post","link":"https:\/\/migracao.redenoticia.com.br\/noticia\/2016\/novela-lagrimas-de-amor-resumo-0912-romulo-vai-a-casa-de-regina\/101621","title":{"rendered":"Novela \u201cL\u00e1grimas de Amor\u201d resumo 09\/12: Olga sente dores no ventre"},"content":{"rendered":"<p><img loading=\"lazy\" decoding=\"async\" class=\"alignleft size-thumbnail wp-image-96552\" src=\"https:\/\/migracao.redenoticia.com.br\/noticia\/imagens\/lagrimas_de_amor_novela_resumo_SBT-150x112.jpg\" alt=\"lagrimas_de_amor_novela_resumo_sbt\" width=\"150\" height=\"112\" srcset=\"https:\/\/migracao.redenoticia.com.br\/noticia\/imagens\/lagrimas_de_amor_novela_resumo_SBT-150x112.jpg 150w, https:\/\/migracao.redenoticia.com.br\/noticia\/imagens\/lagrimas_de_amor_novela_resumo_SBT-265x198.jpg 265w\" sizes=\"auto, (max-width: 150px) 100vw, 150px\" \/><strong><em>Novela \u201cL\u00e1grimas de Amor\u201d resumo 09\/12<\/em><\/strong>:\u00a0Patr\u00edcio pergunta a Flor porque Olga tem medo de ter filhos.\u00a0 Flor conta a Patr\u00edcio que Olga teve um aborto e isso a afetou demais emocionalmente. Ele quer ir reclamar com Olga por t\u00ea-lo enganado, mas Flor o aconselha a n\u00e3o dizer nada, do contr\u00e1rio R\u00f4mulo o deserda. Flor diz que ele tamb\u00e9m mentiu para Olga sobre seu passado. Em casa, Olga se zanga e come\u00e7a a sentir dores no ventre. O m\u00e9dico chega para examinar Olga. Patr\u00edcio e Olga discutem e o doutor ordena que ela fique tranquila, pelo bem de seu beb\u00ea. Mercedes vai ver a filha e a diz que est\u00e1 ali para cuidar dela porque n\u00e3o pode ficar s\u00f3. Depois, Mercedes insiste com R\u00f4mulo para que consiga uma pessoa para cuidar de Olga. R\u00f4mulo se apresenta na casa de Regina. <\/p>\n<p>No cap\u00edtulo 050(*), novela \u201cL\u00e1grimas de Amor\u201d, sexta-feira, 09 de dezembro \u2013 Regina est\u00e1 disposta a sacrificar-se desde que seja para ajudar Patr\u00edcio. Regina cr\u00ea que o atual trabalho de Edmundo v\u00e1 ajud\u00e1-lo no futuro quando ele for m\u00e9dico. Sandra sugere a Olga permitir que Mercedes cuide dela. Marina e seus filhos falam sobre o fato de, as vezes, os pais terem que se separar de seus filhos, ainda que n\u00e3o queiram. Edmundo fala a Lucero que a ama, ela se preocupa. Regina diz a Edmundo que n\u00e3o devem dar as costas ao beb\u00ea de Patr\u00edcio.<\/p>\n<p>Regina diz a Edmundo que confia que o beb\u00ea far\u00e1 com que Patr\u00edcio mude e se torne uma pessoa melhor. Edmundo diz a Regina que ela \u00e9 muito boa m\u00e3e. Flor conta a Patr\u00edcio que Olga teve um aborto e isso a afetou demais emocionalmente. Patr\u00edcio quer ir reclamar com Olga por t\u00ea-lo enganado. Olga se zanga e come\u00e7a a sentir dores no ventre. Flor aconselha Patr\u00edcio a n\u00e3o dizer nada, do contr\u00e1rio R\u00f4mulo o deserdar\u00e1. C\u00e9sar se despede de sua m\u00e3e e ela fica muito triste. Flor diz a Patr\u00edcio que ele tamb\u00e9m mentiu para Olga sobre seu passado. O m\u00e9dico chega para examinar Olga. Regina aconselha seus filhos a ter rela\u00e7\u00f5es saud\u00e1veis com suas parceiras.<\/p>\n<p>Patr\u00edcio e Olga discutem e o doutor ordena que ela fique tranquila, pelo bem de seu beb\u00ea. Edmundo e In\u00e1cio falam da situa\u00e7\u00e3o de Patr\u00edcio, que n\u00e3o est\u00e1 disposto a seguir cuidando de Olga. Edmundo felicita Regina por colocar seu ex-patr\u00e3o em seu lugar. Mercedes diz a Olga que est\u00e1 ali para cuidar dela porque n\u00e3o pode ficar s\u00f3. R\u00f4mulo estranha que Patr\u00edcio esteja cuidando de Olga. Mercedes insiste com R\u00f4mulo para que consiga uma pessoa para cuidar de Olga. Flor aconselha Patr\u00edcio a ser paciente para que ocupe o lugar de R\u00f4mulo algum dia. R\u00f4mulo se apresenta na casa de Regina.<\/p>\n<p>(*) edi\u00e7\u00e3o do SBT, Novela \u201cL\u00e1grimas de Amor\u201d, sujeito a altera\u00e7\u00e3o de data e conte\u00fado.<\/p>\n","protected":false},"excerpt":{"rendered":"<p>Novela \u201cL\u00e1grimas de Amor\u201d resumo 09\/12:\u00a0Patr\u00edcio pergunta a Flor porque Olga tem medo de ter filhos.\u00a0 Flor conta a Patr\u00edcio que Olga teve um aborto e isso a afetou demais emocionalmente. Ele quer ir reclamar com Olga por t\u00ea-lo enganado, mas Flor o aconselha a n\u00e3o dizer nada, do contr\u00e1rio R\u00f4mulo o deserda. Flor diz [&hellip;]<\/p>\n","protected":false},"author":4,"featured_media":96552,"comment_status":"open","ping_status":"closed","sticky":false,"template":"","format":"standard","meta":{"tdm_status":"","tdm_grid_status":"","footnotes":""},"categories":[379,372,343],"tags":[441],"class_list":{"0":"post-101621","1":"post","2":"type-post","3":"status-publish","4":"format-standard","5":"has-post-thumbnail","7":"category-novelas","8":"category-sbt","9":"category-televisao","10":"tag-resumo-do-dia"},"_links":{"self":[{"href":"https:\/\/migracao.redenoticia.com.br\/noticia\/wp-json\/wp\/v2\/posts\/101621","targetHints":{"allow":["GET"]}}],"collection":[{"href":"https:\/\/migracao.redenoticia.com.br\/noticia\/wp-json\/wp\/v2\/posts"}],"about":[{"href":"https:\/\/migracao.redenoticia.com.br\/noticia\/wp-json\/wp\/v2\/types\/post"}],"author":[{"embeddable":true,"href":"https:\/\/migracao.redenoticia.com.br\/noticia\/wp-json\/wp\/v2\/users\/4"}],"replies":[{"embeddable":true,"href":"https:\/\/migracao.redenoticia.com.br\/noticia\/wp-json\/wp\/v2\/comments?post=101621"}],"version-history":[{"count":0,"href":"https:\/\/migracao.redenoticia.com.br\/noticia\/wp-json\/wp\/v2\/posts\/101621\/revisions"}],"wp:featuredmedia":[{"embeddable":true,"href":"https:\/\/migracao.redenoticia.com.br\/noticia\/wp-json\/wp\/v2\/media\/96552"}],"wp:attachment":[{"href":"https:\/\/migracao.redenoticia.com.br\/noticia\/wp-json\/wp\/v2\/media?parent=101621"}],"wp:term":[{"taxonomy":"category","embeddable":true,"href":"https:\/\/migracao.redenoticia.com.br\/noticia\/wp-json\/wp\/v2\/categories?post=101621"},{"taxonomy":"post_tag","embeddable":true,"href":"https:\/\/migracao.redenoticia.com.br\/noticia\/wp-json\/wp\/v2\/tags?post=101621"}],"curies":[{"name":"wp","href":"https:\/\/api.w.org\/{rel}","templated":true}]}}