{"id":101623,"date":"2016-12-08T16:25:40","date_gmt":"2016-12-08T18:25:40","guid":{"rendered":"http:\/\/www.redenoticia.com.br\/noticia\/?p=101623"},"modified":"2016-12-08T19:39:22","modified_gmt":"2016-12-08T21:39:22","slug":"novela-querida-inimiga-resumo-0912-omar-ordena-que-sara-esqueca-hortencia","status":"publish","type":"post","link":"https:\/\/migracao.redenoticia.com.br\/noticia\/2016\/novela-querida-inimiga-resumo-0912-omar-ordena-que-sara-esqueca-hortencia\/101623","title":{"rendered":"Novela \u201cQuerida Inimiga\u201d resumo 09\/12: Omar ordena que Sara esque\u00e7a Hort\u00eancia"},"content":{"rendered":"<p><img loading=\"lazy\" decoding=\"async\" class=\"alignleft size-thumbnail wp-image-99744\" src=\"https:\/\/migracao.redenoticia.com.br\/noticia\/imagens\/querida_inimiga_resumo_novela_SBT-150x112.jpg\" alt=\"querida_inimiga_resumo_novela_sbt\" width=\"150\" height=\"112\" srcset=\"https:\/\/migracao.redenoticia.com.br\/noticia\/imagens\/querida_inimiga_resumo_novela_SBT-150x112.jpg 150w, https:\/\/migracao.redenoticia.com.br\/noticia\/imagens\/querida_inimiga_resumo_novela_SBT-265x198.jpg 265w\" sizes=\"auto, (max-width: 150px) 100vw, 150px\" \/><strong><em>Novela \u201cQuerida Inimiga\u201d resumo 09\/12<\/em><\/strong>:\u00a0Zulema diz a Omar que sua filha est\u00e1 viva. Indignado ele diz a Zulema que vai denunciar Hort\u00eancia e seu irm\u00e3o Jaime pelo que fizeram a Sara. Esta diz que os dois est\u00e3o arrependidos e que Hort\u00eancia incluiu Sara em seu testamento. Depois, Omar agride Jaime e arma um esc\u00e2ndalo com Hort\u00eancia. Sara diz a Zulema que n\u00e3o deveria ter deixado Omar procurar Jaime e Hort\u00eancia, j\u00e1 que pode ocorrer uma trag\u00e9dia. B\u00e1rbara diz a Vasco que Hort\u00eancia e Jaime roubaram a filha de Omar e Zulema e a colocaram em um orfanato. Sara pede a Zulema que a ajude para que Omar perdoe Hort\u00eancia e Jaime. Vasco diz a Diana e Juliano que Sara \u00e9 sua irm\u00e3. Sara diz a Lalo que seu plano est\u00e1 saindo \u00e0s mil maravilhas. Sara pede a Omar que n\u00e3o denuncie sua av\u00f3, mas ele responde que ela precisa pagar pelo dano que os fez. Omar ordena Sara a se esquecer de Hort\u00eancia e Jaime, e que ela n\u00e3o vai receber um s\u00f3 centavo deles. <\/p>\n<p>No cap\u00edtulo 018(*), novela \u201cQuerida Inimiga\u201d, sexta-feira, 09 de dezembro \u2013 Zulema est\u00e1 feliz por ter encontrado sua filha e a pergunta tudo quanto a sua vida. Lorena est\u00e1 feliz por Sara, que enfim encontrou sua fam\u00edlia. Diana diz a Vasco que tem um pressentimento, como se algo ruim estivesse ocorrendo em sua casa. Juliano, Rose e Maria passeiam em um bosque. Zulema diz a Omar que sua filha est\u00e1 viva. Lorena diz a Alonso que est\u00e1 feliz por Sara ter encontrado sua fam\u00edlia e que tamb\u00e9m gostaria de algum dia encontrar a sua.<\/p>\n<p>Toribio ensina Betina a dan\u00e7ar. B\u00e1rbara expressa a Vasco sua inconformidade em rela\u00e7\u00e3o a Diana. Omar indignado diz a Zulema que denunciar\u00e1 Hort\u00eancia e seu irm\u00e3o Jaime pelo que fizeram a Sara. Sara diz que Hort\u00eancia e Jaime est\u00e3o arrependidos, e inclusive Hort\u00eancia a incluiu em seu testamento. Omar agride Jaime e arma um esc\u00e2ndalo com Hort\u00eancia. Sara diz a Zulema que n\u00e3o deveria ter deixado Omar procurar Jaime e Hort\u00eancia, j\u00e1 que pode ocorrer uma trag\u00e9dia.<\/p>\n<p>B\u00e1rbara diz a Vasco que Hort\u00eancia e Jaime roubaram a filha de Omar e Zulema e a colocaram em um orfanato. Sara pede a Zulema que a ajude para que Omar perdoe Hort\u00eancia e Jaime. Vasco diz a Diana e Juliano que Sara \u00e9 sua irm\u00e3. Sara diz a Lalo que seu plano est\u00e1 saindo \u00e0s mil maravilhas. Sara pede a Omar que n\u00e3o denuncie sua av\u00f3, mas ele responde que ela precisa pagar pelo dano que os fez. Omar ordena Sara a se esquecer de Hort\u00eancia e Jaime, e que ela n\u00e3o receber\u00e1 um s\u00f3 centavo deles.<\/p>\n<p>(*) edi\u00e7\u00e3o do SBT, Novela \u201cQuerida Inimiga\u201d, sujeito a altera\u00e7\u00e3o de data e conte\u00fado.<\/p>\n","protected":false},"excerpt":{"rendered":"<p>Novela \u201cQuerida Inimiga\u201d resumo 09\/12:\u00a0Zulema diz a Omar que sua filha est\u00e1 viva. Indignado ele diz a Zulema que vai denunciar Hort\u00eancia e seu irm\u00e3o Jaime pelo que fizeram a Sara. Esta diz que os dois est\u00e3o arrependidos e que Hort\u00eancia incluiu Sara em seu testamento. Depois, Omar agride Jaime e arma um esc\u00e2ndalo com [&hellip;]<\/p>\n","protected":false},"author":4,"featured_media":99744,"comment_status":"open","ping_status":"closed","sticky":false,"template":"","format":"standard","meta":{"tdm_status":"","tdm_grid_status":"","footnotes":""},"categories":[379,372,343],"tags":[441],"class_list":{"0":"post-101623","1":"post","2":"type-post","3":"status-publish","4":"format-standard","5":"has-post-thumbnail","7":"category-novelas","8":"category-sbt","9":"category-televisao","10":"tag-resumo-do-dia"},"_links":{"self":[{"href":"https:\/\/migracao.redenoticia.com.br\/noticia\/wp-json\/wp\/v2\/posts\/101623","targetHints":{"allow":["GET"]}}],"collection":[{"href":"https:\/\/migracao.redenoticia.com.br\/noticia\/wp-json\/wp\/v2\/posts"}],"about":[{"href":"https:\/\/migracao.redenoticia.com.br\/noticia\/wp-json\/wp\/v2\/types\/post"}],"author":[{"embeddable":true,"href":"https:\/\/migracao.redenoticia.com.br\/noticia\/wp-json\/wp\/v2\/users\/4"}],"replies":[{"embeddable":true,"href":"https:\/\/migracao.redenoticia.com.br\/noticia\/wp-json\/wp\/v2\/comments?post=101623"}],"version-history":[{"count":0,"href":"https:\/\/migracao.redenoticia.com.br\/noticia\/wp-json\/wp\/v2\/posts\/101623\/revisions"}],"wp:featuredmedia":[{"embeddable":true,"href":"https:\/\/migracao.redenoticia.com.br\/noticia\/wp-json\/wp\/v2\/media\/99744"}],"wp:attachment":[{"href":"https:\/\/migracao.redenoticia.com.br\/noticia\/wp-json\/wp\/v2\/media?parent=101623"}],"wp:term":[{"taxonomy":"category","embeddable":true,"href":"https:\/\/migracao.redenoticia.com.br\/noticia\/wp-json\/wp\/v2\/categories?post=101623"},{"taxonomy":"post_tag","embeddable":true,"href":"https:\/\/migracao.redenoticia.com.br\/noticia\/wp-json\/wp\/v2\/tags?post=101623"}],"curies":[{"name":"wp","href":"https:\/\/api.w.org\/{rel}","templated":true}]}}