{"id":101662,"date":"2016-12-09T06:01:45","date_gmt":"2016-12-09T08:01:45","guid":{"rendered":"http:\/\/www.redenoticia.com.br\/noticia\/?p=101662"},"modified":"2016-12-09T01:02:20","modified_gmt":"2016-12-09T03:02:20","slug":"pos-doutorado-em-farmacologia-com-bolsa-da-fapesp-2","status":"publish","type":"post","link":"https:\/\/migracao.redenoticia.com.br\/noticia\/2016\/pos-doutorado-em-farmacologia-com-bolsa-da-fapesp-2\/101662","title":{"rendered":"P\u00f3s-doutorado em Farmacologia com Bolsa da FAPESP"},"content":{"rendered":"<p> Ag\u00eancia FAPESP \u2013 O Laborat\u00f3rio Especial de Dor e Sinaliza\u00e7\u00e3o do Instituto Butantan oferece uma oportunidade de <strong><em>P\u00f3s-doutorado em Farmacologia<\/em><\/strong> com bolsa da FAPESP. O prazo de inscri\u00e7\u00e3o encerra em 15 de dezembro. O bolsista integrar\u00e1 a equipe do subprojeto &#8220;Controle Epigen\u00e9tico na analgesia dependente da ativa\u00e7\u00e3o de receptores opioides: papel dos miRNAs e metila\u00e7\u00e3o do DNA no efeito antinociceptivo da crotalfina&#8221;, desenvolvido no \u00e2mbito do Centro de Toxinas, Resposta Imune e Sinaliza\u00e7\u00e3o celular (), um dos Centros de Pesquisa, Inova\u00e7\u00e3o e Difus\u00e3o (CEPIDs) apoiados pela FAPESP, com sede no Instituto Butantan.<\/p>\n<p>O objetivo deste sub-projeto, sob a supervis\u00e3o da pesquisadora Yara Cury, \u00e9 avaliar as vias de sinaliza\u00e7\u00e3o intracelular e a participa\u00e7\u00e3o de mecanismos epigen\u00e9ticos no efeito analg\u00e9sico de longa dura\u00e7\u00e3o da crotalfina.<\/p>\n<p>Os candidatos devem ter PhD, ou grau equivalente, em Biologia Molecular, Biologia Celular, Bioqu\u00edmica, Farmacologia ou disciplinas afins e \u00e9 desej\u00e1vel experi\u00eancia em pelo menos uma das seguintes \u00e1reas \u00e9 desej\u00e1vel: epigen\u00e9tica, an\u00e1lise da express\u00e3o g\u00eanica, sinaliza\u00e7\u00e3o celular e estudos da dor em modelos animais.<\/p>\n<p>Os interessados devem enviar carta de motiva\u00e7\u00e3o descrevendo realiza\u00e7\u00f5es e interesse no tema do projeto, curriculum vitae completo e nomes de tr\u00eas refer\u00eancias para o e-mail yara.cury@butantan.gov.br ou luciene.zanchetta@butantan.gov.br\u00a0identificando no assunto &#8220;PD- Dor\/CEPID&#8221;.<\/p>\n<p>A oportunidade est\u00e1 publicada em .<\/p>\n<p>O selecionado receber\u00e1 Bolsa de P\u00f3s-Doutorado da FAPESP no valor de R$ 6.819,30 mensais e Reserva T\u00e9cnica. A Reserva T\u00e9cnica de Bolsa de PD equivale a 15% do valor anual da bolsa e tem o objetivo de atender a despesas imprevistas e diretamente relacionadas \u00e0 atividade de pesquisa.<\/p>\n<p>Caso o bolsista de PD resida em domic\u00edlio diferente e precise se mudar para a cidade onde se localiza a institui\u00e7\u00e3o-sede da pesquisa, poder\u00e1 ter direito a um Aux\u00edlio-Instala\u00e7\u00e3o.<\/p>\n<p>Mais informa\u00e7\u00f5es sobre a Bolsa de P\u00f3s-Doutorado da FAPESP est\u00e3o dispon\u00edveis em .<\/p>\n<p>Outras vagas de bolsas, em diversas \u00e1reas do conhecimento, est\u00e3o no site .<\/p>\n","protected":false},"excerpt":{"rendered":"<p>Ag\u00eancia FAPESP \u2013 O Laborat\u00f3rio Especial de Dor e Sinaliza\u00e7\u00e3o do Instituto Butantan oferece uma oportunidade de P\u00f3s-doutorado em Farmacologia com bolsa da FAPESP. O prazo de inscri\u00e7\u00e3o encerra em 15 de dezembro. O bolsista integrar\u00e1 a equipe do subprojeto &#8220;Controle Epigen\u00e9tico na analgesia dependente da ativa\u00e7\u00e3o de receptores opioides: papel dos miRNAs e metila\u00e7\u00e3o [&hellip;]<\/p>\n","protected":false},"author":2,"featured_media":37376,"comment_status":"open","ping_status":"closed","sticky":false,"template":"","format":"standard","meta":{"tdm_status":"","tdm_grid_status":"","footnotes":""},"categories":[22,370,353],"tags":[],"class_list":{"0":"post-101662","1":"post","2":"type-post","3":"status-publish","4":"format-standard","5":"has-post-thumbnail","7":"category-brasil","8":"category-inscricao","9":"category-oportunidades"},"_links":{"self":[{"href":"https:\/\/migracao.redenoticia.com.br\/noticia\/wp-json\/wp\/v2\/posts\/101662","targetHints":{"allow":["GET"]}}],"collection":[{"href":"https:\/\/migracao.redenoticia.com.br\/noticia\/wp-json\/wp\/v2\/posts"}],"about":[{"href":"https:\/\/migracao.redenoticia.com.br\/noticia\/wp-json\/wp\/v2\/types\/post"}],"author":[{"embeddable":true,"href":"https:\/\/migracao.redenoticia.com.br\/noticia\/wp-json\/wp\/v2\/users\/2"}],"replies":[{"embeddable":true,"href":"https:\/\/migracao.redenoticia.com.br\/noticia\/wp-json\/wp\/v2\/comments?post=101662"}],"version-history":[{"count":0,"href":"https:\/\/migracao.redenoticia.com.br\/noticia\/wp-json\/wp\/v2\/posts\/101662\/revisions"}],"wp:featuredmedia":[{"embeddable":true,"href":"https:\/\/migracao.redenoticia.com.br\/noticia\/wp-json\/wp\/v2\/media\/37376"}],"wp:attachment":[{"href":"https:\/\/migracao.redenoticia.com.br\/noticia\/wp-json\/wp\/v2\/media?parent=101662"}],"wp:term":[{"taxonomy":"category","embeddable":true,"href":"https:\/\/migracao.redenoticia.com.br\/noticia\/wp-json\/wp\/v2\/categories?post=101662"},{"taxonomy":"post_tag","embeddable":true,"href":"https:\/\/migracao.redenoticia.com.br\/noticia\/wp-json\/wp\/v2\/tags?post=101662"}],"curies":[{"name":"wp","href":"https:\/\/api.w.org\/{rel}","templated":true}]}}