{"id":101704,"date":"2016-12-09T18:25:10","date_gmt":"2016-12-09T20:25:10","guid":{"rendered":"http:\/\/www.redenoticia.com.br\/noticia\/?p=101704"},"modified":"2016-12-09T21:05:40","modified_gmt":"2016-12-09T23:05:40","slug":"novela-sol-nascente-resumo-1012-felipe-muda-se-para-arraial","status":"publish","type":"post","link":"https:\/\/migracao.redenoticia.com.br\/noticia\/2016\/novela-sol-nascente-resumo-1012-felipe-muda-se-para-arraial\/101704","title":{"rendered":"Novela \u201cSol Nascente\u201d resumo 10\/12: Felipe muda-se para Arraial"},"content":{"rendered":"<p><img loading=\"lazy\" decoding=\"async\" class=\"alignleft size-thumbnail wp-image-91714\" src=\"https:\/\/migracao.redenoticia.com.br\/noticia\/imagens\/sol_nascente_resumo_novela_globo-150x112.jpg\" alt=\"sol_nascente_resumo_novela_globo\" width=\"150\" height=\"112\" srcset=\"https:\/\/migracao.redenoticia.com.br\/noticia\/imagens\/sol_nascente_resumo_novela_globo-150x112.jpg 150w, https:\/\/migracao.redenoticia.com.br\/noticia\/imagens\/sol_nascente_resumo_novela_globo-265x198.jpg 265w\" sizes=\"auto, (max-width: 150px) 100vw, 150px\" \/><strong><em>Novela \u201cSol Nascente\u201d resumo 10\/12<\/em><\/strong>:\u00a0Sirlene est\u00e1 a morar com o filho em Arraial, por conta da amea\u00e7a de C\u00e9sar, e fica surpresa ao ver Felipe chegar \u00e0 pousada de Ana. Felipe explica a Sirlene que o banco est\u00e1 a abrir uma ag\u00eancia e que foi designado para a implanta\u00e7\u00e3o. Sirlene comemora. Eles come\u00e7am a se aproximar cada vez mais.<\/p>\n<p>No cap\u00edtulo 089(*), novela \u201cSol Nascente\u201d, s\u00e1bado, 10 de dezembro \u2013 Felipe chega para morar em Arraial e Sirlene comemora. Ralf aconselha Mario a n\u00e3o acusar Cesar sem provas para n\u00e3o brigar com Alice.<\/p>\n<p>Mesquita recebe um presente de Cesar. Vittorio garante a Lenita que se divorciar\u00e1 de Loretta. Alice comenta com Tanaka as desconfian\u00e7as de Mario e Jo\u00e3o Amaro ouve a conversa. Ralf sai da cadeia. Hir\u00f4 fica arrasada ao ver Ralf e Milena juntos. Tato, amigo de Mario, chega para ajudar Wagner e a fam\u00edlia.<\/p>\n<p>Hir\u00f4 revela para Tanaka que Yumi gosta de Tiago. Jo\u00e3o Amaro conta para Cesar que Alice e Tanaka o defenderam das acusa\u00e7\u00f5es de Mario. Damasceno questiona o desaparecimento de Cesar ap\u00f3s a explos\u00e3o das traineiras.<\/p>\n<p>(*) edi\u00e7\u00e3o da Rede Globo, Novela \u201cSol Nascente\u201d, sujeito a altera\u00e7\u00e3o de data e conte\u00fado.<\/p>\n","protected":false},"excerpt":{"rendered":"<p>Novela \u201cSol Nascente\u201d resumo 10\/12:\u00a0Sirlene est\u00e1 a morar com o filho em Arraial, por conta da amea\u00e7a de C\u00e9sar, e fica surpresa ao ver Felipe chegar \u00e0 pousada de Ana. Felipe explica a Sirlene que o banco est\u00e1 a abrir uma ag\u00eancia e que foi designado para a implanta\u00e7\u00e3o. Sirlene comemora. Eles come\u00e7am a se [&hellip;]<\/p>\n","protected":false},"author":4,"featured_media":91714,"comment_status":"open","ping_status":"closed","sticky":false,"template":"","format":"standard","meta":{"tdm_status":"","tdm_grid_status":"","footnotes":""},"categories":[379,375,343],"tags":[441],"class_list":{"0":"post-101704","1":"post","2":"type-post","3":"status-publish","4":"format-standard","5":"has-post-thumbnail","7":"category-novelas","8":"category-rede-globo","9":"category-televisao","10":"tag-resumo-do-dia"},"_links":{"self":[{"href":"https:\/\/migracao.redenoticia.com.br\/noticia\/wp-json\/wp\/v2\/posts\/101704","targetHints":{"allow":["GET"]}}],"collection":[{"href":"https:\/\/migracao.redenoticia.com.br\/noticia\/wp-json\/wp\/v2\/posts"}],"about":[{"href":"https:\/\/migracao.redenoticia.com.br\/noticia\/wp-json\/wp\/v2\/types\/post"}],"author":[{"embeddable":true,"href":"https:\/\/migracao.redenoticia.com.br\/noticia\/wp-json\/wp\/v2\/users\/4"}],"replies":[{"embeddable":true,"href":"https:\/\/migracao.redenoticia.com.br\/noticia\/wp-json\/wp\/v2\/comments?post=101704"}],"version-history":[{"count":0,"href":"https:\/\/migracao.redenoticia.com.br\/noticia\/wp-json\/wp\/v2\/posts\/101704\/revisions"}],"wp:featuredmedia":[{"embeddable":true,"href":"https:\/\/migracao.redenoticia.com.br\/noticia\/wp-json\/wp\/v2\/media\/91714"}],"wp:attachment":[{"href":"https:\/\/migracao.redenoticia.com.br\/noticia\/wp-json\/wp\/v2\/media?parent=101704"}],"wp:term":[{"taxonomy":"category","embeddable":true,"href":"https:\/\/migracao.redenoticia.com.br\/noticia\/wp-json\/wp\/v2\/categories?post=101704"},{"taxonomy":"post_tag","embeddable":true,"href":"https:\/\/migracao.redenoticia.com.br\/noticia\/wp-json\/wp\/v2\/tags?post=101704"}],"curies":[{"name":"wp","href":"https:\/\/api.w.org\/{rel}","templated":true}]}}