{"id":101714,"date":"2016-12-09T17:25:55","date_gmt":"2016-12-09T19:25:55","guid":{"rendered":"http:\/\/www.redenoticia.com.br\/noticia\/?p=101714"},"modified":"2016-12-09T21:02:38","modified_gmt":"2016-12-09T23:02:38","slug":"novela-cheias-de-charme-resumo-1212-isadora-humilha-cida","status":"publish","type":"post","link":"https:\/\/migracao.redenoticia.com.br\/noticia\/2016\/novela-cheias-de-charme-resumo-1212-isadora-humilha-cida\/101714","title":{"rendered":"Novela \u201cCheias de Charme\u201d resumo 12\/12: Isadora humilha Cida"},"content":{"rendered":"<p><img loading=\"lazy\" decoding=\"async\" class=\"alignleft size-thumbnail wp-image-95548\" src=\"https:\/\/migracao.redenoticia.com.br\/noticia\/imagens\/cheias-de-charme-novela-globo-internacional-resumo-proximo-capitulo-150x112.jpg\" alt=\"cheias-de-charme-novela-globo-internacional-resumo-proximo-capitulo\" width=\"150\" height=\"112\" \/><strong><em>Novela \u201cCheias de Charme\u201d resumo 12\/12<\/em><\/strong>:\u00a0Serginho convida Cida para uma festa. Conrado e Isadora v\u00e3o \u00e0 mesma festa. Cida acaba por encontrar Conrado na festa e Isadora reclama da presen\u00e7a da rival. Elano dispensa uma garota por causa de Cida. Isadora humilha Cida, que vai embora com Elano. Elano diz a Cida que vai lhe mostrar quem \u00e9 o verdadeiro Conrado. <\/p>\n<p>No cap\u00edtulo 061(*), novela \u201cCheias de Charme\u201d, segunda-feira, 12 de dezembro \u2013 In\u00e1cio n\u00e3o gosta de ver Fabian pr\u00f3ximo \u00e0 casa de Ros\u00e1rio. Penha percebe o interesse de Otto por ela. Isadora reclama da presen\u00e7a da rival na festa. Elano dispensa uma garota por causa de Cida. Ros\u00e1rio comp\u00f5e uma m\u00fasica pensando em In\u00e1cio.<\/p>\n<p>Penha percebe a frustra\u00e7\u00e3o de Samuel por n\u00e3o saber nada sobre seu pai. Rodinei dispensa Brunessa e procura Liara. Sarmento se preocupa com o estado de Valda. Isadora humilha Cida, que vai embora com Elano. Humberto sente ci\u00fames de Brunessa. Elano diz a Cida que mostrar\u00e1 quem \u00e9 o verdadeiro Conrado.<\/p>\n<p>Sidney conta para Ros\u00e1rio que Chayene vai ao programa de Gentil. Penha e Cida ficam revoltadas com as declara\u00e7\u00f5es de Chayene. Socorro derruba uma bandeja de comida em cima de Gentil. Chayene arma um plano para enganar as Empreguetes.<\/p>\n<p>(*) edi\u00e7\u00e3o da Rede Globo, Novela \u201cCheias de Charme\u201d, sujeito a altera\u00e7\u00e3o de data e conte\u00fado.<\/p>\n","protected":false},"excerpt":{"rendered":"<p>Novela \u201cCheias de Charme\u201d resumo 12\/12:\u00a0Serginho convida Cida para uma festa. Conrado e Isadora v\u00e3o \u00e0 mesma festa. Cida acaba por encontrar Conrado na festa e Isadora reclama da presen\u00e7a da rival. Elano dispensa uma garota por causa de Cida. Isadora humilha Cida, que vai embora com Elano. Elano diz a Cida que vai lhe [&hellip;]<\/p>\n","protected":false},"author":4,"featured_media":95548,"comment_status":"open","ping_status":"closed","sticky":false,"template":"","format":"standard","meta":{"tdm_status":"","tdm_grid_status":"","footnotes":""},"categories":[379,375,343],"tags":[441],"class_list":{"0":"post-101714","1":"post","2":"type-post","3":"status-publish","4":"format-standard","5":"has-post-thumbnail","7":"category-novelas","8":"category-rede-globo","9":"category-televisao","10":"tag-resumo-do-dia"},"_links":{"self":[{"href":"https:\/\/migracao.redenoticia.com.br\/noticia\/wp-json\/wp\/v2\/posts\/101714","targetHints":{"allow":["GET"]}}],"collection":[{"href":"https:\/\/migracao.redenoticia.com.br\/noticia\/wp-json\/wp\/v2\/posts"}],"about":[{"href":"https:\/\/migracao.redenoticia.com.br\/noticia\/wp-json\/wp\/v2\/types\/post"}],"author":[{"embeddable":true,"href":"https:\/\/migracao.redenoticia.com.br\/noticia\/wp-json\/wp\/v2\/users\/4"}],"replies":[{"embeddable":true,"href":"https:\/\/migracao.redenoticia.com.br\/noticia\/wp-json\/wp\/v2\/comments?post=101714"}],"version-history":[{"count":0,"href":"https:\/\/migracao.redenoticia.com.br\/noticia\/wp-json\/wp\/v2\/posts\/101714\/revisions"}],"wp:featuredmedia":[{"embeddable":true,"href":"https:\/\/migracao.redenoticia.com.br\/noticia\/wp-json\/wp\/v2\/media\/95548"}],"wp:attachment":[{"href":"https:\/\/migracao.redenoticia.com.br\/noticia\/wp-json\/wp\/v2\/media?parent=101714"}],"wp:term":[{"taxonomy":"category","embeddable":true,"href":"https:\/\/migracao.redenoticia.com.br\/noticia\/wp-json\/wp\/v2\/categories?post=101714"},{"taxonomy":"post_tag","embeddable":true,"href":"https:\/\/migracao.redenoticia.com.br\/noticia\/wp-json\/wp\/v2\/tags?post=101714"}],"curies":[{"name":"wp","href":"https:\/\/api.w.org\/{rel}","templated":true}]}}