{"id":101722,"date":"2016-12-09T18:25:22","date_gmt":"2016-12-09T20:25:22","guid":{"rendered":"http:\/\/www.redenoticia.com.br\/noticia\/?p=101722"},"modified":"2016-12-09T21:09:53","modified_gmt":"2016-12-09T23:09:53","slug":"novela-a-gata-resumo-1212-esmeralda-quer-descobrir-quem-sao-seus-pais","status":"publish","type":"post","link":"https:\/\/migracao.redenoticia.com.br\/noticia\/2016\/novela-a-gata-resumo-1212-esmeralda-quer-descobrir-quem-sao-seus-pais\/101722","title":{"rendered":"Novela \u201cA Gata\u201d resumo 12\/12: Esmeralda quer descobrir quem s\u00e3o seus pais"},"content":{"rendered":"<p><img loading=\"lazy\" decoding=\"async\" class=\"alignleft size-thumbnail wp-image-92254\" src=\"https:\/\/migracao.redenoticia.com.br\/noticia\/imagens\/A_Gata_novela_resumo_SBT-150x112.jpg\" alt=\"A_Gata_novela_resumo_SBT\" width=\"150\" height=\"112\" srcset=\"https:\/\/migracao.redenoticia.com.br\/noticia\/imagens\/A_Gata_novela_resumo_SBT-150x112.jpg 150w, https:\/\/migracao.redenoticia.com.br\/noticia\/imagens\/A_Gata_novela_resumo_SBT-265x198.jpg 265w\" sizes=\"auto, (max-width: 150px) 100vw, 150px\" \/><strong><em>Novela \u201cA Gata\u201d resumo 12\/12<\/em><\/strong>:\u00a0Esmeralda diz a Jacira que Augusto se op\u00f5e a seu casamento com Paulo porque conhece seu pai. Ela come\u00e7a a desconfiar de que se trata de Silencioso.\u00a0Disposta a descobrir a verdade, Esmeralda procura Rita e pede que diga se Silencioso e Perla s\u00e3o seus pais. Rita responde que n\u00e3o sabe. Ent\u00e3o, Esmeralda diz a Mariano que precisa de seus servi\u00e7os como advogado para que a acompanhe ao cart\u00f3rio.<\/p>\n<p>No cap\u00edtulo 086(*), novela \u201cA Gata\u201d, segunda-feira, 12 de dezembro \u2013 Gisele responde que ela n\u00e3o precisa se preocupar, pois tem um plano. Esmeralda pede a Rita que a diga se Silencioso e Perla s\u00e3o seus pais. Rita responde que n\u00e3o sabe. Centavinho e Virginia levam o convite de seu casamento para Lorena. Furiosa, rasga o convite e os diz que se dependesse dela, eles jamais se casariam. Esmeralda diz a Mariano que precisa de seus servi\u00e7os como advogado para que a acompanhe ao cart\u00f3rio porque deseja saber se Fernando e Perla s\u00e3o seus pais. Esmeralda agradece a Jacira pelo carinho que tem por seus filhos. Ela diz que decidiu investigar se Perla e Fernando s\u00e3o seus pais.<\/p>\n<p>(*) edi\u00e7\u00e3o do SBT, Novela \u201cA Gata\u201d, sujeito a altera\u00e7\u00e3o de data e conte\u00fado.<\/p>\n","protected":false},"excerpt":{"rendered":"<p>Novela \u201cA Gata\u201d resumo 12\/12:\u00a0Esmeralda diz a Jacira que Augusto se op\u00f5e a seu casamento com Paulo porque conhece seu pai. Ela come\u00e7a a desconfiar de que se trata de Silencioso.\u00a0Disposta a descobrir a verdade, Esmeralda procura Rita e pede que diga se Silencioso e Perla s\u00e3o seus pais. Rita responde que n\u00e3o sabe. Ent\u00e3o, [&hellip;]<\/p>\n","protected":false},"author":4,"featured_media":92254,"comment_status":"open","ping_status":"closed","sticky":false,"template":"","format":"standard","meta":{"tdm_status":"","tdm_grid_status":"","footnotes":""},"categories":[379,372,343],"tags":[441],"class_list":{"0":"post-101722","1":"post","2":"type-post","3":"status-publish","4":"format-standard","5":"has-post-thumbnail","7":"category-novelas","8":"category-sbt","9":"category-televisao","10":"tag-resumo-do-dia"},"_links":{"self":[{"href":"https:\/\/migracao.redenoticia.com.br\/noticia\/wp-json\/wp\/v2\/posts\/101722","targetHints":{"allow":["GET"]}}],"collection":[{"href":"https:\/\/migracao.redenoticia.com.br\/noticia\/wp-json\/wp\/v2\/posts"}],"about":[{"href":"https:\/\/migracao.redenoticia.com.br\/noticia\/wp-json\/wp\/v2\/types\/post"}],"author":[{"embeddable":true,"href":"https:\/\/migracao.redenoticia.com.br\/noticia\/wp-json\/wp\/v2\/users\/4"}],"replies":[{"embeddable":true,"href":"https:\/\/migracao.redenoticia.com.br\/noticia\/wp-json\/wp\/v2\/comments?post=101722"}],"version-history":[{"count":0,"href":"https:\/\/migracao.redenoticia.com.br\/noticia\/wp-json\/wp\/v2\/posts\/101722\/revisions"}],"wp:featuredmedia":[{"embeddable":true,"href":"https:\/\/migracao.redenoticia.com.br\/noticia\/wp-json\/wp\/v2\/media\/92254"}],"wp:attachment":[{"href":"https:\/\/migracao.redenoticia.com.br\/noticia\/wp-json\/wp\/v2\/media?parent=101722"}],"wp:term":[{"taxonomy":"category","embeddable":true,"href":"https:\/\/migracao.redenoticia.com.br\/noticia\/wp-json\/wp\/v2\/categories?post=101722"},{"taxonomy":"post_tag","embeddable":true,"href":"https:\/\/migracao.redenoticia.com.br\/noticia\/wp-json\/wp\/v2\/tags?post=101722"}],"curies":[{"name":"wp","href":"https:\/\/api.w.org\/{rel}","templated":true}]}}