{"id":101772,"date":"2016-12-10T19:04:14","date_gmt":"2016-12-10T21:04:14","guid":{"rendered":"http:\/\/www.redenoticia.com.br\/noticia\/?p=101772"},"modified":"2016-12-10T00:09:03","modified_gmt":"2016-12-10T02:09:03","slug":"novela-ezel-resumo-1212-muntaz-se-emociona-ao-falar-de-yan","status":"publish","type":"post","link":"https:\/\/migracao.redenoticia.com.br\/noticia\/2016\/novela-ezel-resumo-1212-muntaz-se-emociona-ao-falar-de-yan\/101772","title":{"rendered":"Novela \u201cEzel\u201d resumo 12\/12: Muntaz se emociona ao falar de Yan"},"content":{"rendered":"<p> <img loading=\"lazy\" decoding=\"async\" class=\"alignleft size-thumbnail wp-image-98061\" src=\"https:\/\/migracao.redenoticia.com.br\/noticia\/imagens\/ezel_novela_band_resumo-150x112.jpg\" alt=\"ezel_novela_band_resumo\" width=\"150\" height=\"112\" srcset=\"https:\/\/migracao.redenoticia.com.br\/noticia\/imagens\/ezel_novela_band_resumo-150x112.jpg 150w, https:\/\/migracao.redenoticia.com.br\/noticia\/imagens\/ezel_novela_band_resumo-265x198.jpg 265w\" sizes=\"auto, (max-width: 150px) 100vw, 150px\" \/><strong><em> Novela \u201cEzel\u201d resumo 12\/12<\/em><\/strong>: Ezel e Eysan combinam de visitar Muntaz na carpintaria. Meliah conhece Yan. Muntaz d\u00e1 as ferramentas de Omer para Yan. Meliah d\u00e1 o anel de noivado a Eysan e ela coloca no dedo. Ezel v\u00ea pela janela. Meliah convida Yan para voltar outras vezes. Muntaz se emociona ao falar do garoto.<\/p>\n<p>No capitulo 031 (*), novela \u201cEzel\u201d, segunda-feira, 12 de dezembro &#8211; Mert recebe uma caixa e uma carta de Omer durante um encontro com Ramiz. Mert l\u00ea a carta e chora, Ezel observa de longe. Bahar reencontra o pai. Eysan usa a chave que encontrou para entrar no quarto onde est\u00e1 a grava\u00e7\u00e3o do crime no cassino. Enquanto ela assiste ao v\u00eddeo, Yan aparece na porta. Eysan visita a tia doente no hospital e elas conversam sobre a paternidade de Yan.<\/p>\n<p>No capitulo 031, segunda-feira, 12 de dezembro &#8211; Ezel e Eysan combinam de visitar Muntaz na carpintaria. Serdar descobre que Yan viu o v\u00eddeo do cassino e pede ao neto que roube a fita. Ali tenta obter informa\u00e7\u00f5es sobre Ramiz. Meliah conhece Yan. Muntaz d\u00e1 as ferramentas de Omer para Yan. Meliah d\u00e1 o anel de noivado a Eysan e ela coloca no dedo. Ezel v\u00ea pela janela.<\/p>\n<p>No capitulo 032, ter\u00e7a-feira, 13 de dezembro &#8211; Meliah convida Yan para voltar outras vezes. Muntaz se emociona ao falar do garoto. Ezel convida Eysan para um caf\u00e9 e ela fala de Omer. Eysan v\u00ea Cengiz com outra mulher. Ezel pede para falar com Cengiz em particular e expulsa Ali da sala, que sai furioso. Ali escuta a conversa e quebra toda a sala de seguran\u00e7a.<\/p>\n<p>(*) edi\u00e7\u00e3o da Band, Novela \u201cEzel\u201d, sujeito a altera\u00e7\u00e3o de data e conte\u00fado.<\/p>\n","protected":false},"excerpt":{"rendered":"<p>Novela \u201cEzel\u201d resumo 12\/12: Ezel e Eysan combinam de visitar Muntaz na carpintaria. Meliah conhece Yan. Muntaz d\u00e1 as ferramentas de Omer para Yan. Meliah d\u00e1 o anel de noivado a Eysan e ela coloca no dedo. Ezel v\u00ea pela janela. Meliah convida Yan para voltar outras vezes. Muntaz se emociona ao falar do garoto. [&hellip;]<\/p>\n","protected":false},"author":2,"featured_media":98061,"comment_status":"open","ping_status":"closed","sticky":false,"template":"","format":"standard","meta":{"tdm_status":"","tdm_grid_status":"","footnotes":""},"categories":[390,379,343],"tags":[441],"class_list":{"0":"post-101772","1":"post","2":"type-post","3":"status-publish","4":"format-standard","5":"has-post-thumbnail","7":"category-band","8":"category-novelas","9":"category-televisao","10":"tag-resumo-do-dia"},"_links":{"self":[{"href":"https:\/\/migracao.redenoticia.com.br\/noticia\/wp-json\/wp\/v2\/posts\/101772","targetHints":{"allow":["GET"]}}],"collection":[{"href":"https:\/\/migracao.redenoticia.com.br\/noticia\/wp-json\/wp\/v2\/posts"}],"about":[{"href":"https:\/\/migracao.redenoticia.com.br\/noticia\/wp-json\/wp\/v2\/types\/post"}],"author":[{"embeddable":true,"href":"https:\/\/migracao.redenoticia.com.br\/noticia\/wp-json\/wp\/v2\/users\/2"}],"replies":[{"embeddable":true,"href":"https:\/\/migracao.redenoticia.com.br\/noticia\/wp-json\/wp\/v2\/comments?post=101772"}],"version-history":[{"count":0,"href":"https:\/\/migracao.redenoticia.com.br\/noticia\/wp-json\/wp\/v2\/posts\/101772\/revisions"}],"wp:featuredmedia":[{"embeddable":true,"href":"https:\/\/migracao.redenoticia.com.br\/noticia\/wp-json\/wp\/v2\/media\/98061"}],"wp:attachment":[{"href":"https:\/\/migracao.redenoticia.com.br\/noticia\/wp-json\/wp\/v2\/media?parent=101772"}],"wp:term":[{"taxonomy":"category","embeddable":true,"href":"https:\/\/migracao.redenoticia.com.br\/noticia\/wp-json\/wp\/v2\/categories?post=101772"},{"taxonomy":"post_tag","embeddable":true,"href":"https:\/\/migracao.redenoticia.com.br\/noticia\/wp-json\/wp\/v2\/tags?post=101772"}],"curies":[{"name":"wp","href":"https:\/\/api.w.org\/{rel}","templated":true}]}}