{"id":101817,"date":"2016-12-12T06:10:29","date_gmt":"2016-12-12T08:10:29","guid":{"rendered":"http:\/\/www.redenoticia.com.br\/noticia\/?p=101817"},"modified":"2016-12-11T19:18:43","modified_gmt":"2016-12-11T21:18:43","slug":"cetesb-analisa-a-qualidade-das-praias-em-todo-o-litoral-paulista","status":"publish","type":"post","link":"https:\/\/migracao.redenoticia.com.br\/noticia\/2016\/cetesb-analisa-a-qualidade-das-praias-em-todo-o-litoral-paulista\/101817","title":{"rendered":"Cetesb analisa a qualidade das praias em todo o litoral paulista"},"content":{"rendered":"<p> No calor brasileiro, nada mais renovador e refrescante do que um bom <strong><em>banho de mar<\/em><\/strong>. Al\u00e9m da sensa\u00e7\u00e3o de relaxamento, a \u00e1gua salgada tamb\u00e9m traz benef\u00edcios para a nossa sa\u00fade. Voc\u00ea sabia que a \u00e1gua marinha \u00e9 composta por mais de 80 elementos qu\u00edmicos naturais e que sua f\u00f3rmula \u00e9 bem mais complexa do que a simples e conhecida f\u00f3rmula da \u00e1gua &#8211; H2O?<\/p>\n<p>Na \u00e1gua do mar se encontra c\u00e1lcio, zinco, sil\u00edcio e magn\u00e9sio, que s\u00e3o usados para tratar doen\u00e7as como artrite, osteoporose e reumatismo. Mas, na busca por esse al\u00edvio ao calor, \u00e9 importante tomar cuidado com a qualidade da \u00e1gua para n\u00e3o ter uma surpresa desagrad\u00e1vel.<\/p>\n<p>A Cetesb (Companhia Ambiental do Estado de S\u00e3o Paulo) faz a an\u00e1lise da qualidade das praias semanalmente. A an\u00e1lise \u00e9 feita a partir da coleta de amostras de \u00e1gua do mar aos domingos, em 165 pontos distribu\u00eddos em 149 praias do litoral paulista.<\/p>\n<p>O trabalho de avalia\u00e7\u00e3o da balneabilidade tem in\u00edcio com a coleta, feita por uma equipe t\u00e9cnica de sete coletores, que partem para pontos estrat\u00e9gicos, localizados no litoral norte e litoral sul do Estado.<\/p>\n<p>Ao final do dia, depois de percorrer todas as praias, as amostras s\u00e3o encaminhadas para an\u00e1lise nos laborat\u00f3rios das Ag\u00eancias Ambientais de Cubat\u00e3o e Taubat\u00e9.<\/p>\n<p>O coletor entra no mar, at\u00e9 a altura da cintura, e coleta a \u00e1gua em um frasco esterilizado, a 20 cm abaixo da superf\u00edcie. Mensalmente, \u00e9 analisada uma m\u00e9dia de 700 amostras de \u00e1gua.<\/p>\n<p>Al\u00e9m de consultar no site, o banhista pode ver se a praia que ele deseja frequentar est\u00e1 pr\u00f3pria ou n\u00e3o para mergulho pelas bandeiras de identifica\u00e7\u00e3o, em que vermelho significa impr\u00f3pria e verde indica que est\u00e1 pr\u00f3pria para o banho.<\/p>\n<p>Vale lembrar que al\u00e9m de aliviar o calor, a quebra das ondas no corpo promove uma drenagem linf\u00e1tica e ainda estimula a pele. E a &#8216;massagem&#8217; que as ondas fazem no corpo tamb\u00e9m estimula a circula\u00e7\u00e3o sangu\u00ednea e oxigena as c\u00e9lulas.<\/p>\n<p>#Opera\u00e7\u00e3oVer\u00e3oSP<\/p>\n<p>Do Portal do Governo do Estado SP<\/p>\n","protected":false},"excerpt":{"rendered":"<p>No calor brasileiro, nada mais renovador e refrescante do que um bom banho de mar. Al\u00e9m da sensa\u00e7\u00e3o de relaxamento, a \u00e1gua salgada tamb\u00e9m traz benef\u00edcios para a nossa sa\u00fade. Voc\u00ea sabia que a \u00e1gua marinha \u00e9 composta por mais de 80 elementos qu\u00edmicos naturais e que sua f\u00f3rmula \u00e9 bem mais complexa do que [&hellip;]<\/p>\n","protected":false},"author":2,"featured_media":41101,"comment_status":"open","ping_status":"closed","sticky":false,"template":"","format":"standard","meta":{"tdm_status":"","tdm_grid_status":"","footnotes":""},"categories":[22,5],"tags":[],"class_list":{"0":"post-101817","1":"post","2":"type-post","3":"status-publish","4":"format-standard","5":"has-post-thumbnail","7":"category-brasil","8":"category-saude-e-vida"},"_links":{"self":[{"href":"https:\/\/migracao.redenoticia.com.br\/noticia\/wp-json\/wp\/v2\/posts\/101817","targetHints":{"allow":["GET"]}}],"collection":[{"href":"https:\/\/migracao.redenoticia.com.br\/noticia\/wp-json\/wp\/v2\/posts"}],"about":[{"href":"https:\/\/migracao.redenoticia.com.br\/noticia\/wp-json\/wp\/v2\/types\/post"}],"author":[{"embeddable":true,"href":"https:\/\/migracao.redenoticia.com.br\/noticia\/wp-json\/wp\/v2\/users\/2"}],"replies":[{"embeddable":true,"href":"https:\/\/migracao.redenoticia.com.br\/noticia\/wp-json\/wp\/v2\/comments?post=101817"}],"version-history":[{"count":0,"href":"https:\/\/migracao.redenoticia.com.br\/noticia\/wp-json\/wp\/v2\/posts\/101817\/revisions"}],"wp:featuredmedia":[{"embeddable":true,"href":"https:\/\/migracao.redenoticia.com.br\/noticia\/wp-json\/wp\/v2\/media\/41101"}],"wp:attachment":[{"href":"https:\/\/migracao.redenoticia.com.br\/noticia\/wp-json\/wp\/v2\/media?parent=101817"}],"wp:term":[{"taxonomy":"category","embeddable":true,"href":"https:\/\/migracao.redenoticia.com.br\/noticia\/wp-json\/wp\/v2\/categories?post=101817"},{"taxonomy":"post_tag","embeddable":true,"href":"https:\/\/migracao.redenoticia.com.br\/noticia\/wp-json\/wp\/v2\/tags?post=101817"}],"curies":[{"name":"wp","href":"https:\/\/api.w.org\/{rel}","templated":true}]}}