{"id":101837,"date":"2016-12-12T19:35:43","date_gmt":"2016-12-12T21:35:43","guid":{"rendered":"http:\/\/www.redenoticia.com.br\/noticia\/?p=101837"},"modified":"2016-12-11T19:37:05","modified_gmt":"2016-12-11T21:37:05","slug":"novela-ezel-resumo-1312-ali-tem-pesadelos-com-omer","status":"publish","type":"post","link":"https:\/\/migracao.redenoticia.com.br\/noticia\/2016\/novela-ezel-resumo-1312-ali-tem-pesadelos-com-omer\/101837","title":{"rendered":"Novela \u201cEzel\u201d resumo 13\/12: Ali tem pesadelos com Omer"},"content":{"rendered":"<p> <img loading=\"lazy\" decoding=\"async\" class=\"alignleft size-thumbnail wp-image-98061\" src=\"https:\/\/migracao.redenoticia.com.br\/noticia\/imagens\/ezel_novela_band_resumo-150x112.jpg\" alt=\"ezel_novela_band_resumo\" width=\"150\" height=\"112\" srcset=\"https:\/\/migracao.redenoticia.com.br\/noticia\/imagens\/ezel_novela_band_resumo-150x112.jpg 150w, https:\/\/migracao.redenoticia.com.br\/noticia\/imagens\/ezel_novela_band_resumo-265x198.jpg 265w\" sizes=\"auto, (max-width: 150px) 100vw, 150px\" \/><strong><em> Novela \u201cEzel\u201d resumo 13\/12<\/em><\/strong>: Ezel pede para falar com Cengiz em particular e expulsa Ali da sala, que sai furioso. Ali escuta a conversa e quebra toda a sala de seguran\u00e7a. Ali diz a Ezel que quer matar Ramiz. Ezel acompanha Ali durante o cerco a Ramiz. Os homens de Ali mudam de lado e protegem Ramiz. Ali fica atordoado e tem pesadelos com Omer.<\/p>\n<p>No capitulo 032 (*), novela \u201cEzel\u201d, ter\u00e7a-feira, 13 de dezembro &#8211; Meliah convida Yan para voltar outras vezes. Muntaz se emociona ao falar do garoto. Ezel convida Eysan para um caf\u00e9 e ela fala de Omer. Eysan v\u00ea Cengiz com outra mulher. Ezel pede para falar com Cengiz em particular e expulsa Ali da sala, que sai furioso. Ali escuta a conversa e quebra toda a sala de seguran\u00e7a.<\/p>\n<p> Eysan assiste \u00e0 fita do assassinato no cassino. Ali diz a Ezel que quer matar Ramiz. Cengiz percebe que o quarto est\u00e1 aberto e que a fita sumiu. Ezel acompanha Ali durante o cerco a Ramiz. Yan foge de casa e some com a fita. Os homens de Ali mudam de lado e protegem Ramiz. Ali fica atordoado e tem pesadelos com Omer.<\/p>\n<p> Mert publica o artigo no jornal acusando Omer pelo crime. Ali continua perseguindo Ramiz e se lembra de quando visitou Omer na pris\u00e3o. Eysan e Ezel conversam sobre a trai\u00e7\u00e3o de Cengiz. Meliah pede que Ezel venha at\u00e9 a casa dela e coloca Mert frente a frente com o irm\u00e3o. Bahar e Eysan discutem.<\/p>\n<p>(*) edi\u00e7\u00e3o da Band, Novela \u201cEzel\u201d, sujeito a altera\u00e7\u00e3o de data e conte\u00fado. <\/p>\n","protected":false},"excerpt":{"rendered":"<p>Novela \u201cEzel\u201d resumo 13\/12: Ezel pede para falar com Cengiz em particular e expulsa Ali da sala, que sai furioso. Ali escuta a conversa e quebra toda a sala de seguran\u00e7a. Ali diz a Ezel que quer matar Ramiz. Ezel acompanha Ali durante o cerco a Ramiz. Os homens de Ali mudam de lado e [&hellip;]<\/p>\n","protected":false},"author":2,"featured_media":98061,"comment_status":"open","ping_status":"closed","sticky":false,"template":"","format":"standard","meta":{"tdm_status":"","tdm_grid_status":"","footnotes":""},"categories":[390,379,343],"tags":[441],"class_list":{"0":"post-101837","1":"post","2":"type-post","3":"status-publish","4":"format-standard","5":"has-post-thumbnail","7":"category-band","8":"category-novelas","9":"category-televisao","10":"tag-resumo-do-dia"},"_links":{"self":[{"href":"https:\/\/migracao.redenoticia.com.br\/noticia\/wp-json\/wp\/v2\/posts\/101837","targetHints":{"allow":["GET"]}}],"collection":[{"href":"https:\/\/migracao.redenoticia.com.br\/noticia\/wp-json\/wp\/v2\/posts"}],"about":[{"href":"https:\/\/migracao.redenoticia.com.br\/noticia\/wp-json\/wp\/v2\/types\/post"}],"author":[{"embeddable":true,"href":"https:\/\/migracao.redenoticia.com.br\/noticia\/wp-json\/wp\/v2\/users\/2"}],"replies":[{"embeddable":true,"href":"https:\/\/migracao.redenoticia.com.br\/noticia\/wp-json\/wp\/v2\/comments?post=101837"}],"version-history":[{"count":0,"href":"https:\/\/migracao.redenoticia.com.br\/noticia\/wp-json\/wp\/v2\/posts\/101837\/revisions"}],"wp:featuredmedia":[{"embeddable":true,"href":"https:\/\/migracao.redenoticia.com.br\/noticia\/wp-json\/wp\/v2\/media\/98061"}],"wp:attachment":[{"href":"https:\/\/migracao.redenoticia.com.br\/noticia\/wp-json\/wp\/v2\/media?parent=101837"}],"wp:term":[{"taxonomy":"category","embeddable":true,"href":"https:\/\/migracao.redenoticia.com.br\/noticia\/wp-json\/wp\/v2\/categories?post=101837"},{"taxonomy":"post_tag","embeddable":true,"href":"https:\/\/migracao.redenoticia.com.br\/noticia\/wp-json\/wp\/v2\/tags?post=101837"}],"curies":[{"name":"wp","href":"https:\/\/api.w.org\/{rel}","templated":true}]}}