{"id":101852,"date":"2016-12-12T18:25:02","date_gmt":"2016-12-12T20:25:02","guid":{"rendered":"http:\/\/www.redenoticia.com.br\/noticia\/?p=101852"},"modified":"2016-12-12T19:35:27","modified_gmt":"2016-12-12T21:35:27","slug":"novela-sol-nascente-resumo-1312-cesar-nao-desiste-de-separar-alice-e-mario","status":"publish","type":"post","link":"https:\/\/migracao.redenoticia.com.br\/noticia\/2016\/novela-sol-nascente-resumo-1312-cesar-nao-desiste-de-separar-alice-e-mario\/101852","title":{"rendered":"Novela \u201cSol Nascente\u201d resumo 13\/12: C\u00e9sar n\u00e3o desiste de separar Alice e Mario"},"content":{"rendered":"<p><img loading=\"lazy\" decoding=\"async\" class=\"alignleft size-thumbnail wp-image-91714\" src=\"https:\/\/migracao.redenoticia.com.br\/noticia\/imagens\/sol_nascente_resumo_novela_globo-150x112.jpg\" alt=\"sol_nascente_resumo_novela_globo\" width=\"150\" height=\"112\" srcset=\"https:\/\/migracao.redenoticia.com.br\/noticia\/imagens\/sol_nascente_resumo_novela_globo-150x112.jpg 150w, https:\/\/migracao.redenoticia.com.br\/noticia\/imagens\/sol_nascente_resumo_novela_globo-265x198.jpg 265w\" sizes=\"auto, (max-width: 150px) 100vw, 150px\" \/><strong><em>Novela \u201cSol Nascente\u201d resumo 13\/12<\/em><\/strong>:\u00a0chega o dia da viagem para o Rio de Janeiro e Cesar arma para Paula n\u00e3o conseguir viajar com ele. Alice se despede de Mario. No evento, Cesar insinua que \u00e9 namorado de Alice durante as entrevistas com empres\u00e1rios. Alice e Cesar assinam contratos com empresas. No Arraial, Ralf procura Mario ao ver as fotos de Alice e Cesar na rede social. Mais tarde, Cesar cuida de Alice depois de ela se sentir mal e Mario n\u00e3o consegue falar com a namorada. Cesar sabota o suco de Hir\u00f4 para ficar a s\u00f3s com Alice. Hir\u00f4 conta para Mario que Cesar est\u00e1 a cuidar de Alice e ele fica furioso. Ao acordar, Alice reage contrariada ao ver Cesar em seu quarto. Mario discute com Alice.<\/p>\n<p>No cap\u00edtulo 091(*), novela \u201cSol Nascente\u201d, ter\u00e7a-feira, 13 de dezembro \u2013 Alice e Cesar assinam contratos com empresas. Carolina cuida de Lucas enquanto Sirlene sai com Felipe. Lenita sofre pensando no que Geraldo disse sobre sua filha. Ralf procura Mario ao ver as fotos de Alice e Cesar na rede social.<\/p>\n<p>Jo\u00e3o Amaro se insinua para Dora. Chico e Mieko combinam de ajudar a comunidade do Trevo. Dora comenta no grupo de apoio que ir\u00e1 se separar de Tiago. Cesar cuida de Alice depois de ela se sentir mal e Mario n\u00e3o consegue falar com a namorada. Cesar sabota o suco de Hir\u00f4 para ficar a s\u00f3s com Alice.<\/p>\n<p>Felipe se desculpa com Vittorio. Lenita pensa em sua filha. Hir\u00f4 conta para Mario que Cesar est\u00e1 cuidando de Alice e ele fica furioso. Loretta reclama de Ralf para Milena. Alice reage contrariada ao acordar e ver Cesar em seu quarto. Mario discute com Alice.<\/p>\n<p>(*) edi\u00e7\u00e3o da Rede Globo, Novela \u201cSol Nascente\u201d, sujeito a altera\u00e7\u00e3o de data e conte\u00fado.<\/p>\n","protected":false},"excerpt":{"rendered":"<p>Novela \u201cSol Nascente\u201d resumo 13\/12:\u00a0chega o dia da viagem para o Rio de Janeiro e Cesar arma para Paula n\u00e3o conseguir viajar com ele. Alice se despede de Mario. No evento, Cesar insinua que \u00e9 namorado de Alice durante as entrevistas com empres\u00e1rios. Alice e Cesar assinam contratos com empresas. No Arraial, Ralf procura Mario [&hellip;]<\/p>\n","protected":false},"author":4,"featured_media":91714,"comment_status":"open","ping_status":"closed","sticky":false,"template":"","format":"standard","meta":{"tdm_status":"","tdm_grid_status":"","footnotes":""},"categories":[379,375,343],"tags":[441],"class_list":{"0":"post-101852","1":"post","2":"type-post","3":"status-publish","4":"format-standard","5":"has-post-thumbnail","7":"category-novelas","8":"category-rede-globo","9":"category-televisao","10":"tag-resumo-do-dia"},"_links":{"self":[{"href":"https:\/\/migracao.redenoticia.com.br\/noticia\/wp-json\/wp\/v2\/posts\/101852","targetHints":{"allow":["GET"]}}],"collection":[{"href":"https:\/\/migracao.redenoticia.com.br\/noticia\/wp-json\/wp\/v2\/posts"}],"about":[{"href":"https:\/\/migracao.redenoticia.com.br\/noticia\/wp-json\/wp\/v2\/types\/post"}],"author":[{"embeddable":true,"href":"https:\/\/migracao.redenoticia.com.br\/noticia\/wp-json\/wp\/v2\/users\/4"}],"replies":[{"embeddable":true,"href":"https:\/\/migracao.redenoticia.com.br\/noticia\/wp-json\/wp\/v2\/comments?post=101852"}],"version-history":[{"count":0,"href":"https:\/\/migracao.redenoticia.com.br\/noticia\/wp-json\/wp\/v2\/posts\/101852\/revisions"}],"wp:featuredmedia":[{"embeddable":true,"href":"https:\/\/migracao.redenoticia.com.br\/noticia\/wp-json\/wp\/v2\/media\/91714"}],"wp:attachment":[{"href":"https:\/\/migracao.redenoticia.com.br\/noticia\/wp-json\/wp\/v2\/media?parent=101852"}],"wp:term":[{"taxonomy":"category","embeddable":true,"href":"https:\/\/migracao.redenoticia.com.br\/noticia\/wp-json\/wp\/v2\/categories?post=101852"},{"taxonomy":"post_tag","embeddable":true,"href":"https:\/\/migracao.redenoticia.com.br\/noticia\/wp-json\/wp\/v2\/tags?post=101852"}],"curies":[{"name":"wp","href":"https:\/\/api.w.org\/{rel}","templated":true}]}}