{"id":101854,"date":"2016-12-12T18:05:44","date_gmt":"2016-12-12T20:05:44","guid":{"rendered":"http:\/\/www.redenoticia.com.br\/noticia\/?p=101854"},"modified":"2016-12-12T19:33:14","modified_gmt":"2016-12-12T21:33:14","slug":"novela-malhacao-resumo-1312-o-irmao-de-criacao-de-joana-a-procura","status":"publish","type":"post","link":"https:\/\/migracao.redenoticia.com.br\/noticia\/2016\/novela-malhacao-resumo-1312-o-irmao-de-criacao-de-joana-a-procura\/101854","title":{"rendered":"Novela \u201cMalha\u00e7\u00e3o\u201d resumo 13\/12: o irm\u00e3o de cria\u00e7\u00e3o de Joana a procura"},"content":{"rendered":"<p><img loading=\"lazy\" decoding=\"async\" class=\"alignleft size-thumbnail wp-image-91715\" src=\"https:\/\/migracao.redenoticia.com.br\/noticia\/imagens\/malhacao_pro_dia_nascer_feliz_resumo_novela-150x112.jpg\" alt=\"malhacao_pro_dia_nascer_feliz_resumo_novela\" width=\"150\" height=\"112\" srcset=\"https:\/\/migracao.redenoticia.com.br\/noticia\/imagens\/malhacao_pro_dia_nascer_feliz_resumo_novela-150x112.jpg 150w, https:\/\/migracao.redenoticia.com.br\/noticia\/imagens\/malhacao_pro_dia_nascer_feliz_resumo_novela-265x198.jpg 265w\" sizes=\"auto, (max-width: 150px) 100vw, 150px\" \/><strong><em>Novela \u201cMalha\u00e7\u00e3o\u201d resumo 13\/12<\/em><\/strong>: um rapaz procura por Joana e afirma ser seu irm\u00e3o. T\u00e2nia estranha \u00e0 chegada de Toninho. Este diz a T\u00e2nia que Joana fugiu de casa para vir para o Rio de Janeiro, e a mo\u00e7a desconfia. Toninho e Joana discutem. B\u00e1rbara registra e depois comenta com Ricardo sobre o suposto irm\u00e3o de Joana. Toninho visita Joana na casa de T\u00e2nia. Sedutor, Toninho d\u00e1 em cima de T\u00e2nia.<\/p>\n<p>No cap\u00edtulo 082(*), novela \u201cMalha\u00e7\u00e3o\u201d, ter\u00e7a-feira, 13 de dezembro \u2013 T\u00e2nia estranha a chegada de Toninho. R\u00f4mulo revela a Nanda que conseguiu o valor para comprar o apartamento dos dois, mas ela n\u00e3o acredita no rapaz.<\/p>\n<p>Belloto conta para J\u00e9ssica que ir\u00e1 para os Estados Unidos com R\u00f4mulo. Juliana aconselha Jab\u00e1 a tratar a doen\u00e7a de Reinaldo. Toninho diz a T\u00e2nia que Joana fugiu de casa para vir para o Rio de Janeiro, e a mo\u00e7a desconfia.<\/p>\n<p>Jab\u00e1 acompanha Reinaldo a uma reuni\u00e3o do grupo Alco\u00f3licos An\u00f4nimos. Toninho e Joana discutem e B\u00e1rbara registra. B\u00e1rbara comenta com Ricardo sobre o suposto irm\u00e3o de Joana. Toninho visita Joana na casa de T\u00e2nia.<\/p>\n<p>(*) edi\u00e7\u00e3o da Rede Globo, Novela \u201cMalha\u00e7\u00e3o\u201d, sujeito a altera\u00e7\u00e3o de data e conte\u00fado.<\/p>\n","protected":false},"excerpt":{"rendered":"<p>Novela \u201cMalha\u00e7\u00e3o\u201d resumo 13\/12: um rapaz procura por Joana e afirma ser seu irm\u00e3o. T\u00e2nia estranha \u00e0 chegada de Toninho. Este diz a T\u00e2nia que Joana fugiu de casa para vir para o Rio de Janeiro, e a mo\u00e7a desconfia. Toninho e Joana discutem. B\u00e1rbara registra e depois comenta com Ricardo sobre o suposto irm\u00e3o [&hellip;]<\/p>\n","protected":false},"author":4,"featured_media":91715,"comment_status":"open","ping_status":"closed","sticky":false,"template":"","format":"standard","meta":{"tdm_status":"","tdm_grid_status":"","footnotes":""},"categories":[447,379,375,343],"tags":[441],"class_list":{"0":"post-101854","1":"post","2":"type-post","3":"status-publish","4":"format-standard","5":"has-post-thumbnail","7":"category-malhacao","8":"category-novelas","9":"category-rede-globo","10":"category-televisao","11":"tag-resumo-do-dia"},"_links":{"self":[{"href":"https:\/\/migracao.redenoticia.com.br\/noticia\/wp-json\/wp\/v2\/posts\/101854","targetHints":{"allow":["GET"]}}],"collection":[{"href":"https:\/\/migracao.redenoticia.com.br\/noticia\/wp-json\/wp\/v2\/posts"}],"about":[{"href":"https:\/\/migracao.redenoticia.com.br\/noticia\/wp-json\/wp\/v2\/types\/post"}],"author":[{"embeddable":true,"href":"https:\/\/migracao.redenoticia.com.br\/noticia\/wp-json\/wp\/v2\/users\/4"}],"replies":[{"embeddable":true,"href":"https:\/\/migracao.redenoticia.com.br\/noticia\/wp-json\/wp\/v2\/comments?post=101854"}],"version-history":[{"count":0,"href":"https:\/\/migracao.redenoticia.com.br\/noticia\/wp-json\/wp\/v2\/posts\/101854\/revisions"}],"wp:featuredmedia":[{"embeddable":true,"href":"https:\/\/migracao.redenoticia.com.br\/noticia\/wp-json\/wp\/v2\/media\/91715"}],"wp:attachment":[{"href":"https:\/\/migracao.redenoticia.com.br\/noticia\/wp-json\/wp\/v2\/media?parent=101854"}],"wp:term":[{"taxonomy":"category","embeddable":true,"href":"https:\/\/migracao.redenoticia.com.br\/noticia\/wp-json\/wp\/v2\/categories?post=101854"},{"taxonomy":"post_tag","embeddable":true,"href":"https:\/\/migracao.redenoticia.com.br\/noticia\/wp-json\/wp\/v2\/tags?post=101854"}],"curies":[{"name":"wp","href":"https:\/\/api.w.org\/{rel}","templated":true}]}}