{"id":101906,"date":"2016-12-13T06:02:08","date_gmt":"2016-12-13T08:02:08","guid":{"rendered":"http:\/\/www.redenoticia.com.br\/noticia\/?p=101906"},"modified":"2016-12-12T20:51:19","modified_gmt":"2016-12-12T22:51:19","slug":"veja-os-cuidados-para-nadar-no-mar","status":"publish","type":"post","link":"https:\/\/migracao.redenoticia.com.br\/noticia\/2016\/veja-os-cuidados-para-nadar-no-mar\/101906","title":{"rendered":"Veja os cuidados para nadar no mar"},"content":{"rendered":"<p> Ver\u00e3o combina com calor e mar. A <strong><em>\u00e1gua do mar<\/em><\/strong> \u00e9 uma forma de refrescar o corpo, mas esconde alguns perigos. Para n\u00e3o correr riscos, vale a m\u00e1xima do Corpo de Bombeiros: &#8220;\u00e1gua no umbigo sinal de perigo&#8221;. A dica \u00e9 brincar com seguran\u00e7a, procurando ficar perto dos guarda-vidas e sem abusos.<\/p>\n<p>N\u00e3o despreze as sinaliza\u00e7\u00f5es que indicam &#8220;correntes&#8221; ou &#8220;canais&#8221; de \u00e1gua que puxam para dentro do mar. Caso voc\u00ea n\u00e3o aviste um desses avisos na praia, procure os guarda-vidas e pergunte qual o local mais seguro para nadar.<\/p>\n<p>Os Bombeiros tamb\u00e9m recomendam para nunca entrar no mar ap\u00f3s ingerir bebida alco\u00f3lica, pois o \u00e1lcool inibe a no\u00e7\u00e3o de perigo. Nadar ou brincar no mar depois de comer tamb\u00e9m n\u00e3o \u00e9 recomendado, sob risco de congest\u00e3o. Outra dica \u00e9 manter-se afastado de pedras e costeiras, que propiciam a forma\u00e7\u00e3o de correnteza e dificultam o socorro. <\/p>\n<p>Quando houver crian\u00e7as ao redor, redobre a aten\u00e7\u00e3o. Uma prancha, por exemplo, pode machucar com a quilha ou com o bico. Outra dica \u00e9 colocar no bra\u00e7o da crian\u00e7a uma pulseira de identifica\u00e7\u00e3o com nome completo e telefone de contato para facilitar a localiza\u00e7\u00e3o em uma eventual perda. <\/p>\n<p>Observe seus limites e as indica\u00e7\u00f5es dos guarda-vidas. Para brincar no mar com seguran\u00e7a, \u00e1gua sempre abaixo da cintura. <\/p>\n<p>#Opera\u00e7\u00e3oVer\u00e3oSP<\/p>\n<p>Do Portal do Governo do Estado SP<\/p>\n","protected":false},"excerpt":{"rendered":"<p>Ver\u00e3o combina com calor e mar. A \u00e1gua do mar \u00e9 uma forma de refrescar o corpo, mas esconde alguns perigos. Para n\u00e3o correr riscos, vale a m\u00e1xima do Corpo de Bombeiros: &#8220;\u00e1gua no umbigo sinal de perigo&#8221;. A dica \u00e9 brincar com seguran\u00e7a, procurando ficar perto dos guarda-vidas e sem abusos. N\u00e3o despreze as [&hellip;]<\/p>\n","protected":false},"author":2,"featured_media":41101,"comment_status":"open","ping_status":"closed","sticky":false,"template":"","format":"standard","meta":{"tdm_status":"","tdm_grid_status":"","footnotes":""},"categories":[22,5],"tags":[],"class_list":{"0":"post-101906","1":"post","2":"type-post","3":"status-publish","4":"format-standard","5":"has-post-thumbnail","7":"category-brasil","8":"category-saude-e-vida"},"_links":{"self":[{"href":"https:\/\/migracao.redenoticia.com.br\/noticia\/wp-json\/wp\/v2\/posts\/101906","targetHints":{"allow":["GET"]}}],"collection":[{"href":"https:\/\/migracao.redenoticia.com.br\/noticia\/wp-json\/wp\/v2\/posts"}],"about":[{"href":"https:\/\/migracao.redenoticia.com.br\/noticia\/wp-json\/wp\/v2\/types\/post"}],"author":[{"embeddable":true,"href":"https:\/\/migracao.redenoticia.com.br\/noticia\/wp-json\/wp\/v2\/users\/2"}],"replies":[{"embeddable":true,"href":"https:\/\/migracao.redenoticia.com.br\/noticia\/wp-json\/wp\/v2\/comments?post=101906"}],"version-history":[{"count":0,"href":"https:\/\/migracao.redenoticia.com.br\/noticia\/wp-json\/wp\/v2\/posts\/101906\/revisions"}],"wp:featuredmedia":[{"embeddable":true,"href":"https:\/\/migracao.redenoticia.com.br\/noticia\/wp-json\/wp\/v2\/media\/41101"}],"wp:attachment":[{"href":"https:\/\/migracao.redenoticia.com.br\/noticia\/wp-json\/wp\/v2\/media?parent=101906"}],"wp:term":[{"taxonomy":"category","embeddable":true,"href":"https:\/\/migracao.redenoticia.com.br\/noticia\/wp-json\/wp\/v2\/categories?post=101906"},{"taxonomy":"post_tag","embeddable":true,"href":"https:\/\/migracao.redenoticia.com.br\/noticia\/wp-json\/wp\/v2\/tags?post=101906"}],"curies":[{"name":"wp","href":"https:\/\/api.w.org\/{rel}","templated":true}]}}