{"id":101910,"date":"2016-12-13T06:04:41","date_gmt":"2016-12-13T08:04:41","guid":{"rendered":"http:\/\/www.redenoticia.com.br\/noticia\/?p=101910"},"modified":"2016-12-12T20:54:51","modified_gmt":"2016-12-12T22:54:51","slug":"pesquisa-de-brasileiro-pode-reduzir-incidencia-de-alzheimer-e-parkinson","status":"publish","type":"post","link":"https:\/\/migracao.redenoticia.com.br\/noticia\/2016\/pesquisa-de-brasileiro-pode-reduzir-incidencia-de-alzheimer-e-parkinson\/101910","title":{"rendered":"Pesquisa de brasileiro pode reduzir incid\u00eancia de Alzheimer e Parkinson"},"content":{"rendered":"<p> A pesquisa de um professor brasileiro pode ser um passo importante na descoberta de medicamentos para preven\u00e7\u00e3o de <strong><em>Alzheimer e Mal de Parkinson<\/em><\/strong>. O estudo do professor Leandro Bergantin, da Universidade Federal de S\u00e3o Paulo, pretendia elucidar o mecanismo pelo qual os bloqueadores de c\u00e1lcio,  usados para reduzir a press\u00e3o arterial, por vezes tinham o efeito contr\u00e1rio, por\u00e9m, no decorrer do trabalho, ele percebeu que o medicamento poderia ser voltado para doen\u00e7as neurodegenerativas e psiqui\u00e1tricas.<\/p>\n<p>\u201cUm importante estudo cl\u00ednico publicado em 2016 descreveu que pacientes hipertensos, os quais faziam uso de bloqueadores de canais de c\u00e1lcio, possu\u00edam uma significante redu\u00e7\u00e3o da incid\u00eancia de Mal de Alzheimer. A partir dessa nossa descoberta, a qual elucida o enigma do &#8220;paradoxo de c\u00e1lcio&#8221;, pudemos inferir no mecanismo celular pelo qual os bloqueadores de canais de c\u00e1lcio tamb\u00e9m poderiam reduzir a incid\u00eancia de Mal de Alzheimer\u201d, explicou Leandro Bergantin, doutor em ci\u00eancia e professor da Universidade Federal de S\u00e3o Paulo (Unifesp).<\/p>\n<p>O livro publicado a partir da pesquisa, intitulado From discovering \u201ccalcium paradox\u201d to Ca2+\/cAMP interaction: Impact in human health and disease, esteve entre os mais vendidos da Amazon. Ainda sem vers\u00e3o para o portugu\u00eas.<\/p>\n<p>N\u00e3o h\u00e1 uma previs\u00e3o para a conclus\u00e3o dos estudos, que est\u00e3o sendo feito em parceria com pesquisadores estrangeiros, no entanto, o resultado pode ser um grande avan\u00e7o para o tratamento de doen\u00e7as cada vez mais presentes com o envelhecimento populacional.<\/p>\n<p>Aline Leal &#8211; Rep\u00f3rter da Ag\u00eancia Brasil<br \/>\nEdi\u00e7\u00e3o: Val\u00e9ria Aguiar<br \/>\n13\/12\/2016<\/p>\n","protected":false},"excerpt":{"rendered":"<p>A pesquisa de um professor brasileiro pode ser um passo importante na descoberta de medicamentos para preven\u00e7\u00e3o de Alzheimer e Mal de Parkinson. O estudo do professor Leandro Bergantin, da Universidade Federal de S\u00e3o Paulo, pretendia elucidar o mecanismo pelo qual os bloqueadores de c\u00e1lcio, usados para reduzir a press\u00e3o arterial, por vezes tinham o [&hellip;]<\/p>\n","protected":false},"author":2,"featured_media":37376,"comment_status":"open","ping_status":"closed","sticky":false,"template":"","format":"standard","meta":{"tdm_status":"","tdm_grid_status":"","footnotes":""},"categories":[22,5],"tags":[],"class_list":{"0":"post-101910","1":"post","2":"type-post","3":"status-publish","4":"format-standard","5":"has-post-thumbnail","7":"category-brasil","8":"category-saude-e-vida"},"_links":{"self":[{"href":"https:\/\/migracao.redenoticia.com.br\/noticia\/wp-json\/wp\/v2\/posts\/101910","targetHints":{"allow":["GET"]}}],"collection":[{"href":"https:\/\/migracao.redenoticia.com.br\/noticia\/wp-json\/wp\/v2\/posts"}],"about":[{"href":"https:\/\/migracao.redenoticia.com.br\/noticia\/wp-json\/wp\/v2\/types\/post"}],"author":[{"embeddable":true,"href":"https:\/\/migracao.redenoticia.com.br\/noticia\/wp-json\/wp\/v2\/users\/2"}],"replies":[{"embeddable":true,"href":"https:\/\/migracao.redenoticia.com.br\/noticia\/wp-json\/wp\/v2\/comments?post=101910"}],"version-history":[{"count":0,"href":"https:\/\/migracao.redenoticia.com.br\/noticia\/wp-json\/wp\/v2\/posts\/101910\/revisions"}],"wp:featuredmedia":[{"embeddable":true,"href":"https:\/\/migracao.redenoticia.com.br\/noticia\/wp-json\/wp\/v2\/media\/37376"}],"wp:attachment":[{"href":"https:\/\/migracao.redenoticia.com.br\/noticia\/wp-json\/wp\/v2\/media?parent=101910"}],"wp:term":[{"taxonomy":"category","embeddable":true,"href":"https:\/\/migracao.redenoticia.com.br\/noticia\/wp-json\/wp\/v2\/categories?post=101910"},{"taxonomy":"post_tag","embeddable":true,"href":"https:\/\/migracao.redenoticia.com.br\/noticia\/wp-json\/wp\/v2\/tags?post=101910"}],"curies":[{"name":"wp","href":"https:\/\/api.w.org\/{rel}","templated":true}]}}