{"id":101926,"date":"2016-12-13T19:14:39","date_gmt":"2016-12-13T21:14:39","guid":{"rendered":"http:\/\/www.redenoticia.com.br\/noticia\/?p=101926"},"modified":"2016-12-12T21:16:11","modified_gmt":"2016-12-12T23:16:11","slug":"novela-escrava-mae-resumo-1412-loreto-dispara-contra-o-cavaleiro-da-mancha","status":"publish","type":"post","link":"https:\/\/migracao.redenoticia.com.br\/noticia\/2016\/novela-escrava-mae-resumo-1412-loreto-dispara-contra-o-cavaleiro-da-mancha\/101926","title":{"rendered":"Novela \u201cEscrava M\u00e3e\u201d resumo 14\/12: Loreto dispara contra o Cavaleiro da Mancha"},"content":{"rendered":"<p> <img loading=\"lazy\" decoding=\"async\" class=\"alignleft size-thumbnail wp-image-87037\" src=\"https:\/\/migracao.redenoticia.com.br\/noticia\/imagens\/escrava-mae-novela-resumo-150x112.jpg\" alt=\"escrava-mae-novela-resumo\" width=\"150\" height=\"112\" srcset=\"https:\/\/migracao.redenoticia.com.br\/noticia\/imagens\/escrava-mae-novela-resumo-150x112.jpg 150w, https:\/\/migracao.redenoticia.com.br\/noticia\/imagens\/escrava-mae-novela-resumo-265x198.jpg 265w\" sizes=\"auto, (max-width: 150px) 100vw, 150px\" \/><strong><em>Novela \u201cEscrava M\u00e3e\u201d resumo 14\/12<\/em><\/strong>: um lote de escravos \u00e9 levado pela mata para uma fazenda da regi\u00e3o. De repente eles param de frente com o Cavaleiro da Mancha. Uma luta se inicia e o Cavaleiro da Mancha luta com o homem que conduz os escravos. Rapidamente o Cavaleiro se livra dos golpes de fac\u00e3o e pega a chave e abre os cadeados, para surpresa dos escravos. Alguns instantes e Loreto aponta uma arma para a cabe\u00e7a do Cavaleiro da Mancha. Em um descuido, o Cavaleiro da Mancha consegue fugir e come\u00e7a uma persegui\u00e7\u00e3o. Loreto dispara a arma, mas n\u00e3o acerta o Cavaleiro.<\/p>\n<p>No capitulo 121 (*), novela \u201cEscrava M\u00e3e\u201d, quarta-feira, 14 de dezembro &#8211; Teresa est\u00e1 sentada com um livro no colo. Le\u00f4ncio ao seu lado, disperso. Almeida um pouco mais afastado, lendo algo. Le\u00f4ncio pede a Almeida que deixe Juliana o levar para a floresta. Os\u00f3rio vai at\u00e9 o solar e diz a Esm\u00e9ria que quer falar com Viriato. Esm\u00e9ria diz que ele n\u00e3o est\u00e1 e que j\u00e1 deu todas as explica\u00e7\u00f5es para o coronel. Um lote de escravos \u00e9 levado pela mata para uma fazenda da regi\u00e3o. <\/p>\n<p>De repente eles param de frente com o Cavaleiro da Mancha. Uma luta se inicia e o Cavaleiro da Mancha luta com o homem que conduz os escravos. Rapidamente o Cavaleiro se livra dos golpes de fac\u00e3o e pega a chave e abre os cadeados, para surpresa dos escravos. Alguns instantes e Loreto aponta uma arma para a cabe\u00e7a do Cavaleiro da Mancha. Em um descuido, o Cavaleiro da Mancha consegue fugir e come\u00e7a uma persegui\u00e7\u00e3o. Loreto dispara a arma, mas n\u00e3o acerta o Cavaleiro. <\/p>\n<p>Juliana procura seu ba\u00fa com as cartas de Miguel e Maria Isabel aparece com as cartas na m\u00e3o. Juliana fica at\u00f4nita diante de Maria Isabel que a encara ofendida. Maria Isabel diz \u00e0 Juliana que sua ilus\u00e3o \u00e9 um castigo, e que apenas est\u00e1 tentando lhe poupar do pior. Juliana desafia Maria Isabel e diz que ela pode fazer o que quiser com ela que mesmo assim n\u00e3o mandar\u00e1 em seu cora\u00e7\u00e3o e que ela n\u00e3o vai desistir de Miguel.<\/p>\n<p>(*) edi\u00e7\u00e3o da Rede Record, Novela \u201cEscrava M\u00e3e\u201d, sujeito a altera\u00e7\u00e3o de data e conte\u00fado.<\/p>\n","protected":false},"excerpt":{"rendered":"<p>Novela \u201cEscrava M\u00e3e\u201d resumo 14\/12: um lote de escravos \u00e9 levado pela mata para uma fazenda da regi\u00e3o. De repente eles param de frente com o Cavaleiro da Mancha. Uma luta se inicia e o Cavaleiro da Mancha luta com o homem que conduz os escravos. Rapidamente o Cavaleiro se livra dos golpes de fac\u00e3o [&hellip;]<\/p>\n","protected":false},"author":2,"featured_media":87037,"comment_status":"open","ping_status":"closed","sticky":false,"template":"","format":"standard","meta":{"tdm_status":"","tdm_grid_status":"","footnotes":""},"categories":[379,371,343],"tags":[441],"class_list":{"0":"post-101926","1":"post","2":"type-post","3":"status-publish","4":"format-standard","5":"has-post-thumbnail","7":"category-novelas","8":"category-rede-record","9":"category-televisao","10":"tag-resumo-do-dia"},"_links":{"self":[{"href":"https:\/\/migracao.redenoticia.com.br\/noticia\/wp-json\/wp\/v2\/posts\/101926","targetHints":{"allow":["GET"]}}],"collection":[{"href":"https:\/\/migracao.redenoticia.com.br\/noticia\/wp-json\/wp\/v2\/posts"}],"about":[{"href":"https:\/\/migracao.redenoticia.com.br\/noticia\/wp-json\/wp\/v2\/types\/post"}],"author":[{"embeddable":true,"href":"https:\/\/migracao.redenoticia.com.br\/noticia\/wp-json\/wp\/v2\/users\/2"}],"replies":[{"embeddable":true,"href":"https:\/\/migracao.redenoticia.com.br\/noticia\/wp-json\/wp\/v2\/comments?post=101926"}],"version-history":[{"count":0,"href":"https:\/\/migracao.redenoticia.com.br\/noticia\/wp-json\/wp\/v2\/posts\/101926\/revisions"}],"wp:featuredmedia":[{"embeddable":true,"href":"https:\/\/migracao.redenoticia.com.br\/noticia\/wp-json\/wp\/v2\/media\/87037"}],"wp:attachment":[{"href":"https:\/\/migracao.redenoticia.com.br\/noticia\/wp-json\/wp\/v2\/media?parent=101926"}],"wp:term":[{"taxonomy":"category","embeddable":true,"href":"https:\/\/migracao.redenoticia.com.br\/noticia\/wp-json\/wp\/v2\/categories?post=101926"},{"taxonomy":"post_tag","embeddable":true,"href":"https:\/\/migracao.redenoticia.com.br\/noticia\/wp-json\/wp\/v2\/tags?post=101926"}],"curies":[{"name":"wp","href":"https:\/\/api.w.org\/{rel}","templated":true}]}}