{"id":101935,"date":"2016-12-15T06:13:19","date_gmt":"2016-12-15T08:13:19","guid":{"rendered":"http:\/\/www.redenoticia.com.br\/noticia\/?p=101935"},"modified":"2016-12-14T07:15:04","modified_gmt":"2016-12-14T09:15:04","slug":"centro-paula-souza-possibilita-conclusao-do-ensino-medio-a-distancia","status":"publish","type":"post","link":"https:\/\/migracao.redenoticia.com.br\/noticia\/2016\/centro-paula-souza-possibilita-conclusao-do-ensino-medio-a-distancia\/101935","title":{"rendered":"Centro Paula Souza possibilita conclus\u00e3o do Ensino M\u00e9dio \u00e0 dist\u00e2ncia"},"content":{"rendered":"<p>Quem quer retomar os estudos e concluir o Ensino M\u00e9dio tem uma excelente oportunidade com o  do Centro Paula Souza. Um dos principais atrativos \u00e9 o fato de ser \u00e0 dist\u00e2ncia e dispensar processo seletivo, basta fazer a inscri\u00e7\u00e3o para come\u00e7ar a estudar.<\/p>\n<p>Clique  para saber como funciona.<\/p>\n<p>O curso tem dura\u00e7\u00e3o de tr\u00eas semestres e \u00e9 indicado especialmente para as pessoas que n\u00e3o conclu\u00edram seus estudos na idade convencional e buscam uma alternativa pr\u00e1tica para obter certifica\u00e7\u00e3o de n\u00edvel m\u00e9dio, para depois poderem ingressar em um curso t\u00e9cnico ou no Ensino Superior.<\/p>\n<p>Outra vantagem \u00e9 que o aluno cria sua pr\u00f3pria rotina de estudos e tem \u00e0 disposi\u00e7\u00e3o um ambiente virtual de aprendizagem na Internet, com roteiros de estudos, livros digitalizados, videoaulas e exerc\u00edcios. Apenas as provas para elimina\u00e7\u00e3o de componentes curriculares s\u00e3o presenciais e ocorrem periodicamente, conforme calend\u00e1rio dos exames presenciais.<\/p>\n<p>Os exames s\u00e3o aplicados em tr\u00eas Escolas T\u00e9cnicas Estaduais (Etecs): Etec S\u00e3o Paulo (Capital &#8211; metr\u00f4 Tiradentes), Etec Bento Quirino (Campinas) e Etec Fernando Prestes (Sorocaba). Cada componente curricular est\u00e1 dividido em agendas de estudo. Os exames presenciais agrupam os componentes curriculares em \u00e1reas espec\u00edficas de conhecimento.<\/p>\n<p>S\u00e3o elas: Linguagens (L\u00edngua Portuguesa e Literatura, Educa\u00e7\u00e3o F\u00edsica, Arte e L\u00edngua Estrangeira Moderna &#8211; Ingl\u00eas), Ci\u00eancias Humanas (Hist\u00f3ria, Geografia, Sociologia e Filosofia), Matem\u00e1tica (Matem\u00e1tica) e Ci\u00eancias da Natureza (F\u00edsica, Qu\u00edmica e Biologia).<\/p>\n<p>J\u00e1 a mat\u00e9ria L\u00edngua Estrangeira Moderna &#8211; Espanhol \u00e9 opcional. Vale lembrar que somente com a elimina\u00e7\u00e3o de todos os componentes curriculares da s\u00e9rie anterior, \u00e9 poss\u00edvel se inscrever para os exames da s\u00e9rie seguinte.<\/p>\n<p>Do Portal do Governo do Estado SP<\/p>\n","protected":false},"excerpt":{"rendered":"<p>Quem quer retomar os estudos e concluir o Ensino M\u00e9dio tem uma excelente oportunidade com o do Centro Paula Souza. Um dos principais atrativos \u00e9 o fato de ser \u00e0 dist\u00e2ncia e dispensar processo seletivo, basta fazer a inscri\u00e7\u00e3o para come\u00e7ar a estudar. Clique para saber como funciona. O curso tem dura\u00e7\u00e3o de tr\u00eas semestres [&hellip;]<\/p>\n","protected":false},"author":2,"featured_media":57577,"comment_status":"open","ping_status":"closed","sticky":false,"template":"","format":"standard","meta":{"tdm_status":"","tdm_grid_status":"","footnotes":""},"categories":[22,351,370],"tags":[],"class_list":{"0":"post-101935","1":"post","2":"type-post","3":"status-publish","4":"format-standard","5":"has-post-thumbnail","7":"category-brasil","8":"category-cursos","9":"category-inscricao"},"_links":{"self":[{"href":"https:\/\/migracao.redenoticia.com.br\/noticia\/wp-json\/wp\/v2\/posts\/101935","targetHints":{"allow":["GET"]}}],"collection":[{"href":"https:\/\/migracao.redenoticia.com.br\/noticia\/wp-json\/wp\/v2\/posts"}],"about":[{"href":"https:\/\/migracao.redenoticia.com.br\/noticia\/wp-json\/wp\/v2\/types\/post"}],"author":[{"embeddable":true,"href":"https:\/\/migracao.redenoticia.com.br\/noticia\/wp-json\/wp\/v2\/users\/2"}],"replies":[{"embeddable":true,"href":"https:\/\/migracao.redenoticia.com.br\/noticia\/wp-json\/wp\/v2\/comments?post=101935"}],"version-history":[{"count":0,"href":"https:\/\/migracao.redenoticia.com.br\/noticia\/wp-json\/wp\/v2\/posts\/101935\/revisions"}],"wp:featuredmedia":[{"embeddable":true,"href":"https:\/\/migracao.redenoticia.com.br\/noticia\/wp-json\/wp\/v2\/media\/57577"}],"wp:attachment":[{"href":"https:\/\/migracao.redenoticia.com.br\/noticia\/wp-json\/wp\/v2\/media?parent=101935"}],"wp:term":[{"taxonomy":"category","embeddable":true,"href":"https:\/\/migracao.redenoticia.com.br\/noticia\/wp-json\/wp\/v2\/categories?post=101935"},{"taxonomy":"post_tag","embeddable":true,"href":"https:\/\/migracao.redenoticia.com.br\/noticia\/wp-json\/wp\/v2\/tags?post=101935"}],"curies":[{"name":"wp","href":"https:\/\/api.w.org\/{rel}","templated":true}]}}