{"id":101956,"date":"2016-12-13T18:25:39","date_gmt":"2016-12-13T20:25:39","guid":{"rendered":"http:\/\/www.redenoticia.com.br\/noticia\/?p=101956"},"modified":"2016-12-13T18:05:28","modified_gmt":"2016-12-13T20:05:28","slug":"novela-sol-nascente-resumo-1412-ralf-e-milena-ficam-juntos-pela-primeira-vez","status":"publish","type":"post","link":"https:\/\/migracao.redenoticia.com.br\/noticia\/2016\/novela-sol-nascente-resumo-1412-ralf-e-milena-ficam-juntos-pela-primeira-vez\/101956","title":{"rendered":"Novela \u201cSol Nascente\u201d resumo 14\/12: Ralf e Milena ficam juntos pela primeira vez"},"content":{"rendered":"<p><img loading=\"lazy\" decoding=\"async\" class=\"alignleft size-thumbnail wp-image-91714\" src=\"https:\/\/migracao.redenoticia.com.br\/noticia\/imagens\/sol_nascente_resumo_novela_globo-150x112.jpg\" alt=\"sol_nascente_resumo_novela_globo\" width=\"150\" height=\"112\" srcset=\"https:\/\/migracao.redenoticia.com.br\/noticia\/imagens\/sol_nascente_resumo_novela_globo-150x112.jpg 150w, https:\/\/migracao.redenoticia.com.br\/noticia\/imagens\/sol_nascente_resumo_novela_globo-265x198.jpg 265w\" sizes=\"auto, (max-width: 150px) 100vw, 150px\" \/><strong><em>Novela \u201cSol Nascente\u201d resumo 14\/12<\/em><\/strong>: agora que todo mundo j\u00e1 sabe do namoro de\u00a0Milena e\u00a0Ralf \u00e9 hora de dar mais um passo na rela\u00e7\u00e3o. Os dois passam a noite, apenas abra\u00e7ados, em uma pousada. Ralf pede conselhos a Patrick e, mais tarde, Ralf e Milena t\u00eam sua primeira noite de amor.<\/p>\n<p>No cap\u00edtulo 092(*), novela \u201cSol Nascente\u201d, quarta-feira, 14 de dezembro \u2013 Mario termina o namoro com Alice. Dora convida Yumi para jantar em sua casa e Chica se preocupa. Loretta implica com Ralf e Milena o defende. Alice lamenta com Tanaka o t\u00e9rmino com Mario e Jo\u00e3o Amaro ouve.<\/p>\n<p>Ralf tenta consolar Mario. Damasceno pensa em conseguir as grava\u00e7\u00f5es das c\u00e2meras de seguran\u00e7a da cidade para confirmar o \u00e1libi de Cesar. Milena se anima com a consulta com L\u00facia. Lenita conversa com Alice sobre Mario. Cesar recebe a not\u00edcia de que sua tia Mocinha chegar\u00e1 a Arraial do Sol Nascente.<\/p>\n<p>Ralf pede conselhos a Patrick. Lenita comenta com Alice que tem vontade de se casar com Vittorio. Cesar tenta descobrir por que Sinh\u00e1 quer se vingar de Tanaka. Mario e Alice pensam um no outro. Mocinha \u00e9 presa no cassino e pede ajuda a Sinh\u00e1. Ralf e Milena t\u00eam sua primeira noite de amor. Lenita pede Vittorio em casamento.<\/p>\n<p>(*) edi\u00e7\u00e3o da Rede Globo, Novela \u201cSol Nascente\u201d, sujeito a altera\u00e7\u00e3o de data e conte\u00fado.<\/p>\n","protected":false},"excerpt":{"rendered":"<p>Novela \u201cSol Nascente\u201d resumo 14\/12: agora que todo mundo j\u00e1 sabe do namoro de\u00a0Milena e\u00a0Ralf \u00e9 hora de dar mais um passo na rela\u00e7\u00e3o. Os dois passam a noite, apenas abra\u00e7ados, em uma pousada. Ralf pede conselhos a Patrick e, mais tarde, Ralf e Milena t\u00eam sua primeira noite de amor. No cap\u00edtulo 092(*), novela [&hellip;]<\/p>\n","protected":false},"author":4,"featured_media":91714,"comment_status":"open","ping_status":"closed","sticky":false,"template":"","format":"standard","meta":{"tdm_status":"","tdm_grid_status":"","footnotes":""},"categories":[379,343],"tags":[441],"class_list":{"0":"post-101956","1":"post","2":"type-post","3":"status-publish","4":"format-standard","5":"has-post-thumbnail","7":"category-novelas","8":"category-televisao","9":"tag-resumo-do-dia"},"_links":{"self":[{"href":"https:\/\/migracao.redenoticia.com.br\/noticia\/wp-json\/wp\/v2\/posts\/101956","targetHints":{"allow":["GET"]}}],"collection":[{"href":"https:\/\/migracao.redenoticia.com.br\/noticia\/wp-json\/wp\/v2\/posts"}],"about":[{"href":"https:\/\/migracao.redenoticia.com.br\/noticia\/wp-json\/wp\/v2\/types\/post"}],"author":[{"embeddable":true,"href":"https:\/\/migracao.redenoticia.com.br\/noticia\/wp-json\/wp\/v2\/users\/4"}],"replies":[{"embeddable":true,"href":"https:\/\/migracao.redenoticia.com.br\/noticia\/wp-json\/wp\/v2\/comments?post=101956"}],"version-history":[{"count":0,"href":"https:\/\/migracao.redenoticia.com.br\/noticia\/wp-json\/wp\/v2\/posts\/101956\/revisions"}],"wp:featuredmedia":[{"embeddable":true,"href":"https:\/\/migracao.redenoticia.com.br\/noticia\/wp-json\/wp\/v2\/media\/91714"}],"wp:attachment":[{"href":"https:\/\/migracao.redenoticia.com.br\/noticia\/wp-json\/wp\/v2\/media?parent=101956"}],"wp:term":[{"taxonomy":"category","embeddable":true,"href":"https:\/\/migracao.redenoticia.com.br\/noticia\/wp-json\/wp\/v2\/categories?post=101956"},{"taxonomy":"post_tag","embeddable":true,"href":"https:\/\/migracao.redenoticia.com.br\/noticia\/wp-json\/wp\/v2\/tags?post=101956"}],"curies":[{"name":"wp","href":"https:\/\/api.w.org\/{rel}","templated":true}]}}