{"id":101961,"date":"2016-12-13T17:25:15","date_gmt":"2016-12-13T19:25:15","guid":{"rendered":"http:\/\/www.redenoticia.com.br\/noticia\/?p=101961"},"modified":"2016-12-13T17:56:46","modified_gmt":"2016-12-13T19:56:46","slug":"novela-cheias-de-charme-resumo-1412-chayene-se-irritada-com-as-empreguetes","status":"publish","type":"post","link":"https:\/\/migracao.redenoticia.com.br\/noticia\/2016\/novela-cheias-de-charme-resumo-1412-chayene-se-irritada-com-as-empreguetes\/101961","title":{"rendered":"Novela \u201cCheias de Charme\u201d resumo 14\/12: Chayene se irritada com as Empreguetes"},"content":{"rendered":"<p><img loading=\"lazy\" decoding=\"async\" class=\"alignleft size-thumbnail wp-image-95548\" src=\"https:\/\/migracao.redenoticia.com.br\/noticia\/imagens\/cheias-de-charme-novela-globo-internacional-resumo-proximo-capitulo-150x112.jpg\" alt=\"cheias-de-charme-novela-globo-internacional-resumo-proximo-capitulo\" width=\"150\" height=\"112\" \/><strong><em>Novela \u201cCheias de Charme\u201d resumo 14\/12<\/em><\/strong>:\u00a0Chayene agride Socorro na frente das Empreguetes e o trio amea\u00e7a n\u00e3o subir ao palco. Chayene e Socorro conseguem convencer as Empreguetes de que est\u00e3o brigadas. As Empreguetes ganham o p\u00fablico de Chayene e deixam a cantora irritada. O p\u00fablico n\u00e3o deixa as Empreguetes sa\u00edrem do palco e Chayene se revolta. Chayene chama as Empreguetes novamente ao palco e elas acabam por fazer figura\u00e7\u00e3o no show. <\/p>\n<p>No cap\u00edtulo 063(*), novela \u201cCheias de Charme\u201d, quarta-feira, 14 de dezembro \u2013 Chayene e Socorro conseguem convencer as Empreguetes de que est\u00e3o brigadas. Sandro se mostra para Eloy e Penha fica constrangida.<\/p>\n<p>As Empreguetes ganham o p\u00fablico de Chayene e deixam a cantora irritada. In\u00e1cio treina Dinha. Sandro sonha com o dinheiro que Penha ganhar\u00e1. O p\u00fablico n\u00e3o deixa as Empreguetes sa\u00edrem do palco e Chayene se revolta. Conrado humilha Elano e o manda revisar um processo para sair com os amigos.<\/p>\n<p>Chayene chama as Empreguetes novamente ao palco, e elas acabam fazendo figura\u00e7\u00e3o no show. Lygia piora e deixa Alejandro e Liara preocupados. Penha fica angustiada ao saber do estado da amiga e avisa a Elano.<\/p>\n<p>(*) edi\u00e7\u00e3o da Rede Globo, Novela \u201cCheias de Charme\u201d, sujeito a altera\u00e7\u00e3o de data e conte\u00fado.<\/p>\n","protected":false},"excerpt":{"rendered":"<p>Novela \u201cCheias de Charme\u201d resumo 14\/12:\u00a0Chayene agride Socorro na frente das Empreguetes e o trio amea\u00e7a n\u00e3o subir ao palco. Chayene e Socorro conseguem convencer as Empreguetes de que est\u00e3o brigadas. As Empreguetes ganham o p\u00fablico de Chayene e deixam a cantora irritada. O p\u00fablico n\u00e3o deixa as Empreguetes sa\u00edrem do palco e Chayene se [&hellip;]<\/p>\n","protected":false},"author":4,"featured_media":95548,"comment_status":"open","ping_status":"closed","sticky":false,"template":"","format":"standard","meta":{"tdm_status":"","tdm_grid_status":"","footnotes":""},"categories":[379,375,343],"tags":[441],"class_list":{"0":"post-101961","1":"post","2":"type-post","3":"status-publish","4":"format-standard","5":"has-post-thumbnail","7":"category-novelas","8":"category-rede-globo","9":"category-televisao","10":"tag-resumo-do-dia"},"_links":{"self":[{"href":"https:\/\/migracao.redenoticia.com.br\/noticia\/wp-json\/wp\/v2\/posts\/101961","targetHints":{"allow":["GET"]}}],"collection":[{"href":"https:\/\/migracao.redenoticia.com.br\/noticia\/wp-json\/wp\/v2\/posts"}],"about":[{"href":"https:\/\/migracao.redenoticia.com.br\/noticia\/wp-json\/wp\/v2\/types\/post"}],"author":[{"embeddable":true,"href":"https:\/\/migracao.redenoticia.com.br\/noticia\/wp-json\/wp\/v2\/users\/4"}],"replies":[{"embeddable":true,"href":"https:\/\/migracao.redenoticia.com.br\/noticia\/wp-json\/wp\/v2\/comments?post=101961"}],"version-history":[{"count":0,"href":"https:\/\/migracao.redenoticia.com.br\/noticia\/wp-json\/wp\/v2\/posts\/101961\/revisions"}],"wp:featuredmedia":[{"embeddable":true,"href":"https:\/\/migracao.redenoticia.com.br\/noticia\/wp-json\/wp\/v2\/media\/95548"}],"wp:attachment":[{"href":"https:\/\/migracao.redenoticia.com.br\/noticia\/wp-json\/wp\/v2\/media?parent=101961"}],"wp:term":[{"taxonomy":"category","embeddable":true,"href":"https:\/\/migracao.redenoticia.com.br\/noticia\/wp-json\/wp\/v2\/categories?post=101961"},{"taxonomy":"post_tag","embeddable":true,"href":"https:\/\/migracao.redenoticia.com.br\/noticia\/wp-json\/wp\/v2\/tags?post=101961"}],"curies":[{"name":"wp","href":"https:\/\/api.w.org\/{rel}","templated":true}]}}