{"id":102048,"date":"2016-12-15T06:16:50","date_gmt":"2016-12-15T08:16:50","guid":{"rendered":"http:\/\/www.redenoticia.com.br\/noticia\/?p=102048"},"modified":"2016-12-14T07:17:45","modified_gmt":"2016-12-14T09:17:45","slug":"dispositivo-permite-analise-de-biomarcadores-de-funcao-renal","status":"publish","type":"post","link":"https:\/\/migracao.redenoticia.com.br\/noticia\/2016\/dispositivo-permite-analise-de-biomarcadores-de-funcao-renal\/102048","title":{"rendered":"Dispositivo permite an\u00e1lise de biomarcadores de fun\u00e7\u00e3o renal"},"content":{"rendered":"<p> Ag\u00eancia FAPESP \u2013 Uma nova metodologia colorim\u00e9trica simples, r\u00e1pida, port\u00e1til, precisa, n\u00e3o invasiva e ambientalmente amig\u00e1vel para <em><strong>an\u00e1lise simult\u00e2nea de creatinina e \u00e1cido \u00farico<\/strong><\/em> em urina foi desenvolvida no Instituto de Qu\u00edmica da Universidade Estadual Paulista (Unesp) em Araraquara, informou a Assessoria de Comunica\u00e7\u00e3o da Unesp.<\/p>\n<p>A inova\u00e7\u00e3o foi desenvolvida no \u00e2mbito do mestrado de , aluno de p\u00f3s-gradua\u00e7\u00e3o em Qu\u00edmica, orientado pelos professores do IQ\/Unesp\u00a0 e , com .<\/p>\n<p>A metodologia facilita o monitoramento do funcionamento dos rins, permitindo que qualquer pessoa fa\u00e7a a an\u00e1lise de \u00e1cido \u00farico e creatinina na urina, com efici\u00eancia e precis\u00e3o equivalentes aos m\u00e9todos convencionais em uso.<\/p>\n<p>O pequeno dispositivo com detec\u00e7\u00e3o por imagem digital, medindo 2 cm por 2 cm, com barreiras hidrof\u00f3bicas em papel de filtro foi produzido com o aux\u00edlio de uma impressora a cera. Com uma gota de urina colocada no dispositivo e o desenvolvimento de rea\u00e7\u00f5es com produtos de colora\u00e7\u00f5es distintas, indica, simultaneamente, a dosagem dos dois biomarcadores. Os resultados da an\u00e1lise podem ser obtidos por meio de um aplicativo em smartphone ou em uma palheta de cores impressa em papel com as respectivas refer\u00eancias de acordo com a intensidade da cor.<\/p>\n<p>O trabalho j\u00e1 havia sido premiado pela Royal Society of Chemistry na \u00e1rea de bioanal\u00edtica, durante um workshop sobre microflu\u00eddica realizado em julho de 2015, em Campinas.<\/p>\n","protected":false},"excerpt":{"rendered":"<p>Ag\u00eancia FAPESP \u2013 Uma nova metodologia colorim\u00e9trica simples, r\u00e1pida, port\u00e1til, precisa, n\u00e3o invasiva e ambientalmente amig\u00e1vel para an\u00e1lise simult\u00e2nea de creatinina e \u00e1cido \u00farico em urina foi desenvolvida no Instituto de Qu\u00edmica da Universidade Estadual Paulista (Unesp) em Araraquara, informou a Assessoria de Comunica\u00e7\u00e3o da Unesp. A inova\u00e7\u00e3o foi desenvolvida no \u00e2mbito do mestrado de [&hellip;]<\/p>\n","protected":false},"author":2,"featured_media":37376,"comment_status":"open","ping_status":"closed","sticky":false,"template":"","format":"standard","meta":{"tdm_status":"","tdm_grid_status":"","footnotes":""},"categories":[22,5],"tags":[],"class_list":{"0":"post-102048","1":"post","2":"type-post","3":"status-publish","4":"format-standard","5":"has-post-thumbnail","7":"category-brasil","8":"category-saude-e-vida"},"_links":{"self":[{"href":"https:\/\/migracao.redenoticia.com.br\/noticia\/wp-json\/wp\/v2\/posts\/102048","targetHints":{"allow":["GET"]}}],"collection":[{"href":"https:\/\/migracao.redenoticia.com.br\/noticia\/wp-json\/wp\/v2\/posts"}],"about":[{"href":"https:\/\/migracao.redenoticia.com.br\/noticia\/wp-json\/wp\/v2\/types\/post"}],"author":[{"embeddable":true,"href":"https:\/\/migracao.redenoticia.com.br\/noticia\/wp-json\/wp\/v2\/users\/2"}],"replies":[{"embeddable":true,"href":"https:\/\/migracao.redenoticia.com.br\/noticia\/wp-json\/wp\/v2\/comments?post=102048"}],"version-history":[{"count":0,"href":"https:\/\/migracao.redenoticia.com.br\/noticia\/wp-json\/wp\/v2\/posts\/102048\/revisions"}],"wp:featuredmedia":[{"embeddable":true,"href":"https:\/\/migracao.redenoticia.com.br\/noticia\/wp-json\/wp\/v2\/media\/37376"}],"wp:attachment":[{"href":"https:\/\/migracao.redenoticia.com.br\/noticia\/wp-json\/wp\/v2\/media?parent=102048"}],"wp:term":[{"taxonomy":"category","embeddable":true,"href":"https:\/\/migracao.redenoticia.com.br\/noticia\/wp-json\/wp\/v2\/categories?post=102048"},{"taxonomy":"post_tag","embeddable":true,"href":"https:\/\/migracao.redenoticia.com.br\/noticia\/wp-json\/wp\/v2\/tags?post=102048"}],"curies":[{"name":"wp","href":"https:\/\/api.w.org\/{rel}","templated":true}]}}