{"id":102083,"date":"2016-12-14T18:25:07","date_gmt":"2016-12-14T20:25:07","guid":{"rendered":"http:\/\/www.redenoticia.com.br\/noticia\/?p=102083"},"modified":"2016-12-14T16:28:15","modified_gmt":"2016-12-14T18:28:15","slug":"novela-sol-nascente-resumo-1512-mocinha-chega-a-arraial","status":"publish","type":"post","link":"https:\/\/migracao.redenoticia.com.br\/noticia\/2016\/novela-sol-nascente-resumo-1512-mocinha-chega-a-arraial\/102083","title":{"rendered":"Novela \u201cSol Nascente\u201d resumo 15\/12: Mocinha chega a Arraial"},"content":{"rendered":"<p><img loading=\"lazy\" decoding=\"async\" class=\"alignleft size-thumbnail wp-image-91714\" src=\"https:\/\/migracao.redenoticia.com.br\/noticia\/imagens\/sol_nascente_resumo_novela_globo-150x112.jpg\" alt=\"sol_nascente_resumo_novela_globo\" width=\"150\" height=\"112\" srcset=\"https:\/\/migracao.redenoticia.com.br\/noticia\/imagens\/sol_nascente_resumo_novela_globo-150x112.jpg 150w, https:\/\/migracao.redenoticia.com.br\/noticia\/imagens\/sol_nascente_resumo_novela_globo-265x198.jpg 265w\" sizes=\"auto, (max-width: 150px) 100vw, 150px\" \/><strong><em>Novela \u201cSol Nascente\u201d resumo 15\/12<\/em><\/strong>:\u00a0Cesar recebe a not\u00edcia de que sua tia Mocinha vai chegar a Arraial do Sol Nascente. S\u00f3 que, enquanto n\u00e3o chega, Mocinha \u00e9 presa no cassino e pede ajuda a Sinh\u00e1. Ent\u00e3o, um capanga de Sinh\u00e1 tira Mocinha do cassino e a leva para S\u00e3o Paulo. Cesar conversa com Jo\u00e3o Amaro sobre a chegada de sua tia a Arraial. Mocinha estuda sobre os membros da fam\u00edlia Tanaka e De Angeli. Mais tarde, Mocinha chega a Arraial e \u00e9 recebida por Cesar.<\/p>\n<p>No cap\u00edtulo 093(*), novela \u201cSol Nascente\u201d, quinta-feira, 15 de dezembro \u2013 Vittorio aceita o pedido de casamento de Lenita. Alice tenta convencer Hir\u00f4 a desistir de se casar com Akira. Tiago pede ajuda a Chica ao ver Yumi chegar para jantar com ele e Dora. Um capanga de Sinh\u00e1 tira Mocinha do cassino e a leva para S\u00e3o Paulo.<\/p>\n<p>Cesar conversa Jo\u00e3o Amaro sobre a chegada de sua tia a Arraial. Dora questiona Yumi sobre seus sentimentos por Tiago. Milena cozinha para Ralf e ele disfar\u00e7a o inc\u00f4modo com o sabor da comida. Loretta se irrita com Geppina e Gaetano.<\/p>\n<p>Paula v\u00ea Damasceno mapeando as c\u00e2meras de seguran\u00e7a da cidade e conta para Cesar. Alice e Mario procuram Chica ao mesmo tempo. Mocinha estuda sobre os membros da fam\u00edlia Tanaka e De Angeli. Mario conversa com Chica sobre Cesar. Damasceno, Mario e Patrick n\u00e3o encontram provas contra Cesar. Mocinha chega a Arraial e \u00e9 recebida por Cesar.<\/p>\n<p>(*) edi\u00e7\u00e3o da Rede Globo, Novela \u201cSol Nascente\u201d, sujeito a altera\u00e7\u00e3o de data e conte\u00fado.<\/p>\n","protected":false},"excerpt":{"rendered":"<p>Novela \u201cSol Nascente\u201d resumo 15\/12:\u00a0Cesar recebe a not\u00edcia de que sua tia Mocinha vai chegar a Arraial do Sol Nascente. S\u00f3 que, enquanto n\u00e3o chega, Mocinha \u00e9 presa no cassino e pede ajuda a Sinh\u00e1. Ent\u00e3o, um capanga de Sinh\u00e1 tira Mocinha do cassino e a leva para S\u00e3o Paulo. Cesar conversa com Jo\u00e3o Amaro [&hellip;]<\/p>\n","protected":false},"author":4,"featured_media":91714,"comment_status":"open","ping_status":"closed","sticky":false,"template":"","format":"standard","meta":{"tdm_status":"","tdm_grid_status":"","footnotes":""},"categories":[379,375,343],"tags":[441],"class_list":{"0":"post-102083","1":"post","2":"type-post","3":"status-publish","4":"format-standard","5":"has-post-thumbnail","7":"category-novelas","8":"category-rede-globo","9":"category-televisao","10":"tag-resumo-do-dia"},"_links":{"self":[{"href":"https:\/\/migracao.redenoticia.com.br\/noticia\/wp-json\/wp\/v2\/posts\/102083","targetHints":{"allow":["GET"]}}],"collection":[{"href":"https:\/\/migracao.redenoticia.com.br\/noticia\/wp-json\/wp\/v2\/posts"}],"about":[{"href":"https:\/\/migracao.redenoticia.com.br\/noticia\/wp-json\/wp\/v2\/types\/post"}],"author":[{"embeddable":true,"href":"https:\/\/migracao.redenoticia.com.br\/noticia\/wp-json\/wp\/v2\/users\/4"}],"replies":[{"embeddable":true,"href":"https:\/\/migracao.redenoticia.com.br\/noticia\/wp-json\/wp\/v2\/comments?post=102083"}],"version-history":[{"count":0,"href":"https:\/\/migracao.redenoticia.com.br\/noticia\/wp-json\/wp\/v2\/posts\/102083\/revisions"}],"wp:featuredmedia":[{"embeddable":true,"href":"https:\/\/migracao.redenoticia.com.br\/noticia\/wp-json\/wp\/v2\/media\/91714"}],"wp:attachment":[{"href":"https:\/\/migracao.redenoticia.com.br\/noticia\/wp-json\/wp\/v2\/media?parent=102083"}],"wp:term":[{"taxonomy":"category","embeddable":true,"href":"https:\/\/migracao.redenoticia.com.br\/noticia\/wp-json\/wp\/v2\/categories?post=102083"},{"taxonomy":"post_tag","embeddable":true,"href":"https:\/\/migracao.redenoticia.com.br\/noticia\/wp-json\/wp\/v2\/tags?post=102083"}],"curies":[{"name":"wp","href":"https:\/\/api.w.org\/{rel}","templated":true}]}}