{"id":102087,"date":"2016-12-14T18:05:55","date_gmt":"2016-12-14T20:05:55","guid":{"rendered":"http:\/\/www.redenoticia.com.br\/noticia\/?p=102087"},"modified":"2016-12-14T16:29:51","modified_gmt":"2016-12-14T18:29:51","slug":"novela-malhacao-resumo-1512-tania-questiona-a-relacao-de-joana-com-toninho","status":"publish","type":"post","link":"https:\/\/migracao.redenoticia.com.br\/noticia\/2016\/novela-malhacao-resumo-1512-tania-questiona-a-relacao-de-joana-com-toninho\/102087","title":{"rendered":"Novela \u201cMalha\u00e7\u00e3o\u201d resumo 15\/12: T\u00e2nia questiona a rela\u00e7\u00e3o de Joana com Toninho"},"content":{"rendered":"<p><img loading=\"lazy\" decoding=\"async\" class=\"alignleft size-thumbnail wp-image-91715\" src=\"https:\/\/migracao.redenoticia.com.br\/noticia\/imagens\/malhacao_pro_dia_nascer_feliz_resumo_novela-150x112.jpg\" alt=\"malhacao_pro_dia_nascer_feliz_resumo_novela\" width=\"150\" height=\"112\" srcset=\"https:\/\/migracao.redenoticia.com.br\/noticia\/imagens\/malhacao_pro_dia_nascer_feliz_resumo_novela-150x112.jpg 150w, https:\/\/migracao.redenoticia.com.br\/noticia\/imagens\/malhacao_pro_dia_nascer_feliz_resumo_novela-265x198.jpg 265w\" sizes=\"auto, (max-width: 150px) 100vw, 150px\" \/><strong><em>Novela \u201cMalha\u00e7\u00e3o\u201d resumo 15\/12<\/em><\/strong>:\u00a0Toninho descobre que Joana \u00e9 filha de um famoso ex-jogador de v\u00f4lei e vem para o Rio de Janeiro atr\u00e1s da irm\u00e3 de cria\u00e7\u00e3o para tentar arrancar alguns trocados da cearense. Como Joana n\u00e3o facilita a vida do malandro, o rapaz decide ir direto na fonte. Ao ver\u00a0Ricardo conversar com\u00a0T\u00e2nia na\u00a0Forma,\u00a0Toninho\u00a0n\u00e3o pensa duas vezes antes de interromper o papo. Joana interrompe a conversa dos dois. Toninho n\u00e3o gosta e amea\u00e7a Joana. Mais tarde, cismada com a presen\u00e7a do rapaz, T\u00e2nia questiona Joana sobre a sua rela\u00e7\u00e3o com Toninho.<\/p>\n<p>No cap\u00edtulo 084(*), novela \u201cMalha\u00e7\u00e3o\u201d, quinta-feira, 15 de dezembro \u2013 Joana interrompe a conversa entre Toninho e Ricardo. Toninho amea\u00e7a Joana. R\u00f4mulo e Belloto embarcam para os Estado Unidos.<\/p>\n<p>Arthur e Dod\u00f4 disputam o amor de Belinha. Ricardo tenta se aproximar de T\u00e2nia. Gabriel discute com Joana. Luiza observa o carinho entre T\u00e2nia e Caio.<\/p>\n<p>B\u00e1rbara intriga Gabriel contra Joana e insinua que o namorado precisa proteger Giovane. T\u00e2nia questiona Joana sobre a rela\u00e7\u00e3o com Toninho.<\/p>\n<p>(*) edi\u00e7\u00e3o da Rede Globo, Novela \u201cMalha\u00e7\u00e3o\u201d, sujeito a altera\u00e7\u00e3o de data e conte\u00fado.<\/p>\n","protected":false},"excerpt":{"rendered":"<p>Novela \u201cMalha\u00e7\u00e3o\u201d resumo 15\/12:\u00a0Toninho descobre que Joana \u00e9 filha de um famoso ex-jogador de v\u00f4lei e vem para o Rio de Janeiro atr\u00e1s da irm\u00e3 de cria\u00e7\u00e3o para tentar arrancar alguns trocados da cearense. Como Joana n\u00e3o facilita a vida do malandro, o rapaz decide ir direto na fonte. Ao ver\u00a0Ricardo conversar com\u00a0T\u00e2nia na\u00a0Forma,\u00a0Toninho\u00a0n\u00e3o pensa [&hellip;]<\/p>\n","protected":false},"author":4,"featured_media":91715,"comment_status":"open","ping_status":"closed","sticky":false,"template":"","format":"standard","meta":{"tdm_status":"","tdm_grid_status":"","footnotes":""},"categories":[447,379,375,343],"tags":[441],"class_list":{"0":"post-102087","1":"post","2":"type-post","3":"status-publish","4":"format-standard","5":"has-post-thumbnail","7":"category-malhacao","8":"category-novelas","9":"category-rede-globo","10":"category-televisao","11":"tag-resumo-do-dia"},"_links":{"self":[{"href":"https:\/\/migracao.redenoticia.com.br\/noticia\/wp-json\/wp\/v2\/posts\/102087","targetHints":{"allow":["GET"]}}],"collection":[{"href":"https:\/\/migracao.redenoticia.com.br\/noticia\/wp-json\/wp\/v2\/posts"}],"about":[{"href":"https:\/\/migracao.redenoticia.com.br\/noticia\/wp-json\/wp\/v2\/types\/post"}],"author":[{"embeddable":true,"href":"https:\/\/migracao.redenoticia.com.br\/noticia\/wp-json\/wp\/v2\/users\/4"}],"replies":[{"embeddable":true,"href":"https:\/\/migracao.redenoticia.com.br\/noticia\/wp-json\/wp\/v2\/comments?post=102087"}],"version-history":[{"count":0,"href":"https:\/\/migracao.redenoticia.com.br\/noticia\/wp-json\/wp\/v2\/posts\/102087\/revisions"}],"wp:featuredmedia":[{"embeddable":true,"href":"https:\/\/migracao.redenoticia.com.br\/noticia\/wp-json\/wp\/v2\/media\/91715"}],"wp:attachment":[{"href":"https:\/\/migracao.redenoticia.com.br\/noticia\/wp-json\/wp\/v2\/media?parent=102087"}],"wp:term":[{"taxonomy":"category","embeddable":true,"href":"https:\/\/migracao.redenoticia.com.br\/noticia\/wp-json\/wp\/v2\/categories?post=102087"},{"taxonomy":"post_tag","embeddable":true,"href":"https:\/\/migracao.redenoticia.com.br\/noticia\/wp-json\/wp\/v2\/tags?post=102087"}],"curies":[{"name":"wp","href":"https:\/\/api.w.org\/{rel}","templated":true}]}}