{"id":102091,"date":"2016-12-14T17:25:41","date_gmt":"2016-12-14T19:25:41","guid":{"rendered":"http:\/\/www.redenoticia.com.br\/noticia\/?p=102091"},"modified":"2016-12-14T16:31:44","modified_gmt":"2016-12-14T18:31:44","slug":"novela-cheias-de-charme-resumo-1512-o-estado-de-saude-de-lygia-piora","status":"publish","type":"post","link":"https:\/\/migracao.redenoticia.com.br\/noticia\/2016\/novela-cheias-de-charme-resumo-1512-o-estado-de-saude-de-lygia-piora\/102091","title":{"rendered":"Novela \u201cCheias de Charme\u201d resumo 15\/12: o estado de sa\u00fade de Lygia piora"},"content":{"rendered":"<p><img loading=\"lazy\" decoding=\"async\" class=\"alignleft size-thumbnail wp-image-95548\" src=\"https:\/\/migracao.redenoticia.com.br\/noticia\/imagens\/cheias-de-charme-novela-globo-internacional-resumo-proximo-capitulo-150x112.jpg\" alt=\"cheias-de-charme-novela-globo-internacional-resumo-proximo-capitulo\" width=\"150\" height=\"112\" \/><strong><em>Novela \u201cCheias de Charme\u201d resumo 15\/12<\/em><\/strong>: mesmo internada, Lygia desenvolve uma pneumonia e Alejandro se preocupa. Ele conta para Liara que o estado de Lygia \u00e9 grave, o que deixa todos preocupados. Ao saber da situa\u00e7\u00e3o de Lygia, Penha fica angustiada e sofre com medo de perder a amiga. Penha avisa Elano e este conta para Sarmento sobre o estado de Lygia. Rodinei conforta Liara. Depois, conversa com Samuel e o aconselha. Manuela fica animada quando Cida chega para ficar com ela no lugar de Penha. Lygia pede para Penha cuidar de sua fam\u00edlia caso aconte\u00e7a alguma coisa com ela.<\/p>\n<p>No cap\u00edtulo 064(*), novela \u201cCheias de Charme\u201d, quinta-feira, 15 de dezembro \u2013 Penha sofre com medo de perder Lygia. Rodinei conforta Liara. Socorro avisa a Chayene que sua m\u00fasica est\u00e1 tocando no programa de Gentil. Fabian e Simone se surpreendem com as fofocas sobre um suposto romance entre ele e Ros\u00e1rio.<\/p>\n<p>In\u00e1cio ouve Dinha falar dos boatos sobre Ros\u00e1rio e fica abalado. Elano conta para Sarmento sobre o estado de Lygia. M\u00e1slova escuta Otto dizer que ligar\u00e1 para Penha. Rodinei aconselha Samuel.<\/p>\n<p>Manuela fica animada quando Cida chega para ficar com ela no lugar de Penha. Chayene manda Arruda exigir que Fabian cante com ela novamente. Lygia pede para Penha cuidar de sua fam\u00edlia caso aconte\u00e7a alguma coisa com ela.<\/p>\n<p>(*) edi\u00e7\u00e3o da Rede Globo, Novela \u201cCheias de Charme\u201d, sujeito a altera\u00e7\u00e3o de data e conte\u00fado.<\/p>\n","protected":false},"excerpt":{"rendered":"<p>Novela \u201cCheias de Charme\u201d resumo 15\/12: mesmo internada, Lygia desenvolve uma pneumonia e Alejandro se preocupa. Ele conta para Liara que o estado de Lygia \u00e9 grave, o que deixa todos preocupados. Ao saber da situa\u00e7\u00e3o de Lygia, Penha fica angustiada e sofre com medo de perder a amiga. Penha avisa Elano e este conta [&hellip;]<\/p>\n","protected":false},"author":4,"featured_media":95548,"comment_status":"open","ping_status":"closed","sticky":false,"template":"","format":"standard","meta":{"tdm_status":"","tdm_grid_status":"","footnotes":""},"categories":[379,375,343],"tags":[441],"class_list":{"0":"post-102091","1":"post","2":"type-post","3":"status-publish","4":"format-standard","5":"has-post-thumbnail","7":"category-novelas","8":"category-rede-globo","9":"category-televisao","10":"tag-resumo-do-dia"},"_links":{"self":[{"href":"https:\/\/migracao.redenoticia.com.br\/noticia\/wp-json\/wp\/v2\/posts\/102091","targetHints":{"allow":["GET"]}}],"collection":[{"href":"https:\/\/migracao.redenoticia.com.br\/noticia\/wp-json\/wp\/v2\/posts"}],"about":[{"href":"https:\/\/migracao.redenoticia.com.br\/noticia\/wp-json\/wp\/v2\/types\/post"}],"author":[{"embeddable":true,"href":"https:\/\/migracao.redenoticia.com.br\/noticia\/wp-json\/wp\/v2\/users\/4"}],"replies":[{"embeddable":true,"href":"https:\/\/migracao.redenoticia.com.br\/noticia\/wp-json\/wp\/v2\/comments?post=102091"}],"version-history":[{"count":0,"href":"https:\/\/migracao.redenoticia.com.br\/noticia\/wp-json\/wp\/v2\/posts\/102091\/revisions"}],"wp:featuredmedia":[{"embeddable":true,"href":"https:\/\/migracao.redenoticia.com.br\/noticia\/wp-json\/wp\/v2\/media\/95548"}],"wp:attachment":[{"href":"https:\/\/migracao.redenoticia.com.br\/noticia\/wp-json\/wp\/v2\/media?parent=102091"}],"wp:term":[{"taxonomy":"category","embeddable":true,"href":"https:\/\/migracao.redenoticia.com.br\/noticia\/wp-json\/wp\/v2\/categories?post=102091"},{"taxonomy":"post_tag","embeddable":true,"href":"https:\/\/migracao.redenoticia.com.br\/noticia\/wp-json\/wp\/v2\/tags?post=102091"}],"curies":[{"name":"wp","href":"https:\/\/api.w.org\/{rel}","templated":true}]}}