{"id":102101,"date":"2016-12-14T18:25:11","date_gmt":"2016-12-14T20:25:11","guid":{"rendered":"http:\/\/www.redenoticia.com.br\/noticia\/?p=102101"},"modified":"2016-12-14T16:27:27","modified_gmt":"2016-12-14T18:27:27","slug":"novela-a-gata-resumo-1512-esmeralda-cuida-de-augusto","status":"publish","type":"post","link":"https:\/\/migracao.redenoticia.com.br\/noticia\/2016\/novela-a-gata-resumo-1512-esmeralda-cuida-de-augusto\/102101","title":{"rendered":"Novela \u201cA Gata\u201d resumo 15\/12: Esmeralda cuida de Augusto"},"content":{"rendered":"<p><img loading=\"lazy\" decoding=\"async\" class=\"alignleft size-thumbnail wp-image-92254\" src=\"https:\/\/migracao.redenoticia.com.br\/noticia\/imagens\/A_Gata_novela_resumo_SBT-150x112.jpg\" alt=\"A_Gata_novela_resumo_SBT\" width=\"150\" height=\"112\" srcset=\"https:\/\/migracao.redenoticia.com.br\/noticia\/imagens\/A_Gata_novela_resumo_SBT-150x112.jpg 150w, https:\/\/migracao.redenoticia.com.br\/noticia\/imagens\/A_Gata_novela_resumo_SBT-265x198.jpg 265w\" sizes=\"auto, (max-width: 150px) 100vw, 150px\" \/><strong><em>Novela \u201cA Gata\u201d resumo 15\/12<\/em><\/strong>:\u00a0Lorena consegue que Esmeralda aceite cuidar de Augusto, pois argumenta que uma enfermeira n\u00e3o teria a paci\u00eancia necess\u00e1ria. Por outro lado, Xavier diz a Manuel que sente que Lorena est\u00e1 a fingir sua enfermidade apenas para prender Esmeralda. Augusto d\u00e1 um tapa na m\u00e3o de Esmeralda quando est\u00e1 lhe d\u00e1 o medicamento. Paulo se d\u00e1 conta e diz que o pai \u00e9 muito mal agradecido. Augusto diz a Esmeralda que Lorena finge estar doente. <\/p>\n<p>No cap\u00edtulo 089(*), novela \u201cA Gata\u201d, quinta-feira, 15 de dezembro \u2013 Lorena consegue que Esmeralda aceite cuidar de Augusto, argumentando que uma enfermeira n\u00e3o teria a paci\u00eancia necess\u00e1ria.<\/p>\n<p>Tilico mostra a Garibaldo alguns documentos que mostram que seus pais foram assassinados, e garante que ir\u00e1 se vingar dos respons\u00e1veis. Xavier diz a Manuel que sente que Lorena est\u00e1 fingindo sua enfermidade apenas para prender Esmeralda. Esmeralda d\u00e1 um medicamento a Augusto e ele d\u00e1 um tapa em sua m\u00e3o.<\/p>\n<p>Paulo se d\u00e1 conta e diz que o pai \u00e9 muito mal agradecido. Augusto diz a Esmeralda que Lorena est\u00e1 fingindo estar doente. Jacira visita Jo\u00e3o Garza para ver se o reconhece e procurar uma prova de que ele mente.<\/p>\n<p>(*) edi\u00e7\u00e3o do SBT, Novela \u201cA Gata\u201d, sujeito a altera\u00e7\u00e3o de data e conte\u00fado.<\/p>\n","protected":false},"excerpt":{"rendered":"<p>Novela \u201cA Gata\u201d resumo 15\/12:\u00a0Lorena consegue que Esmeralda aceite cuidar de Augusto, pois argumenta que uma enfermeira n\u00e3o teria a paci\u00eancia necess\u00e1ria. Por outro lado, Xavier diz a Manuel que sente que Lorena est\u00e1 a fingir sua enfermidade apenas para prender Esmeralda. Augusto d\u00e1 um tapa na m\u00e3o de Esmeralda quando est\u00e1 lhe d\u00e1 o [&hellip;]<\/p>\n","protected":false},"author":4,"featured_media":92254,"comment_status":"open","ping_status":"closed","sticky":false,"template":"","format":"standard","meta":{"tdm_status":"","tdm_grid_status":"","footnotes":""},"categories":[379,372,343],"tags":[441],"class_list":{"0":"post-102101","1":"post","2":"type-post","3":"status-publish","4":"format-standard","5":"has-post-thumbnail","7":"category-novelas","8":"category-sbt","9":"category-televisao","10":"tag-resumo-do-dia"},"_links":{"self":[{"href":"https:\/\/migracao.redenoticia.com.br\/noticia\/wp-json\/wp\/v2\/posts\/102101","targetHints":{"allow":["GET"]}}],"collection":[{"href":"https:\/\/migracao.redenoticia.com.br\/noticia\/wp-json\/wp\/v2\/posts"}],"about":[{"href":"https:\/\/migracao.redenoticia.com.br\/noticia\/wp-json\/wp\/v2\/types\/post"}],"author":[{"embeddable":true,"href":"https:\/\/migracao.redenoticia.com.br\/noticia\/wp-json\/wp\/v2\/users\/4"}],"replies":[{"embeddable":true,"href":"https:\/\/migracao.redenoticia.com.br\/noticia\/wp-json\/wp\/v2\/comments?post=102101"}],"version-history":[{"count":0,"href":"https:\/\/migracao.redenoticia.com.br\/noticia\/wp-json\/wp\/v2\/posts\/102101\/revisions"}],"wp:featuredmedia":[{"embeddable":true,"href":"https:\/\/migracao.redenoticia.com.br\/noticia\/wp-json\/wp\/v2\/media\/92254"}],"wp:attachment":[{"href":"https:\/\/migracao.redenoticia.com.br\/noticia\/wp-json\/wp\/v2\/media?parent=102101"}],"wp:term":[{"taxonomy":"category","embeddable":true,"href":"https:\/\/migracao.redenoticia.com.br\/noticia\/wp-json\/wp\/v2\/categories?post=102101"},{"taxonomy":"post_tag","embeddable":true,"href":"https:\/\/migracao.redenoticia.com.br\/noticia\/wp-json\/wp\/v2\/tags?post=102101"}],"curies":[{"name":"wp","href":"https:\/\/api.w.org\/{rel}","templated":true}]}}