{"id":102105,"date":"2016-12-14T16:25:06","date_gmt":"2016-12-14T18:25:06","guid":{"rendered":"http:\/\/www.redenoticia.com.br\/noticia\/?p=102105"},"modified":"2016-12-14T16:34:57","modified_gmt":"2016-12-14T18:34:57","slug":"novela-querida-inimiga-resumo-1512-jaime-pede-perdao-a-omar","status":"publish","type":"post","link":"https:\/\/migracao.redenoticia.com.br\/noticia\/2016\/novela-querida-inimiga-resumo-1512-jaime-pede-perdao-a-omar\/102105","title":{"rendered":"Novela \u201cQuerida Inimiga\u201d resumo 15\/12: Jaime pede perd\u00e3o a Omar"},"content":{"rendered":"<p><img loading=\"lazy\" decoding=\"async\" class=\"alignleft size-thumbnail wp-image-99744\" src=\"https:\/\/migracao.redenoticia.com.br\/noticia\/imagens\/querida_inimiga_resumo_novela_SBT-150x112.jpg\" alt=\"querida_inimiga_resumo_novela_sbt\" width=\"150\" height=\"112\" srcset=\"https:\/\/migracao.redenoticia.com.br\/noticia\/imagens\/querida_inimiga_resumo_novela_SBT-150x112.jpg 150w, https:\/\/migracao.redenoticia.com.br\/noticia\/imagens\/querida_inimiga_resumo_novela_SBT-265x198.jpg 265w\" sizes=\"auto, (max-width: 150px) 100vw, 150px\" \/><strong><em>Novela \u201cQuerida Inimiga\u201d resumo 15\/12<\/em><\/strong>:\u00a0Omar e Zulema dizem a Sara que n\u00e3o v\u00e3o aceitar a ajuda e nem dinheiro de Hort\u00eancia, e pedem que ela n\u00e3o insista nessa id\u00e9ia. Sara adverte Omar e Zulema que se processarem Hort\u00eancia e seu tio Jaime ela vai embora de casa. Diana e Vasco dizem a Lorena que pensam que Sara n\u00e3o \u00e9 uma boa pessoa. Zulema resolve procurar Hort\u00eancia para pedir que deixe Sara em paz, j\u00e1 que n\u00e3o vai compr\u00e1-la com seu dinheiro. Para ajudar a fam\u00edlia, Juliano e Lorena decidem vender tacos na rua. Jaime procura Omar e pede perd\u00e3o pelo que o fez h\u00e1 anos. Omar responde que n\u00e3o pode perdoar nem ele nem Hort\u00eancia, e que vai entrar com um processo contra eles. <\/p>\n<p>No cap\u00edtulo 022(*), novela \u201cQuerida Inimiga\u201d, quinta-feira, 15 de dezembro \u2013 Omar e Zulema dizem a Sara que n\u00e3o aceitaram a ajuda nem dinheiro de Hort\u00eancia e pedem que ela n\u00e3o insista nessa id\u00e9ia. Lalo reclama com Sara por n\u00e3o t\u00ea-lo visitado. Sara adverte Omar e Zulema que se processarem Hort\u00eancia e seu tio Jaime, ela ir\u00e1 embora de casa.<\/p>\n<p>Diana e Vasco dizem a Lorena que pensam que Sara n\u00e3o \u00e9 uma boa pessoa. Lorena e Juliano dizem a Zulema que n\u00e3o desanime, pois vender\u00e3o muita comida e far\u00e3o uma boa propaganda para que as vendas cres\u00e7am ainda mais. Zulema procura Hort\u00eancia para pedir que deixe Sara em paz, j\u00e1 que n\u00e3o ir\u00e1 compr\u00e1-la com seu dinheiro. Juliano e Lorena decidem vender tacos na rua. Paula diz a Greta que encontrou uma c\u00f3pia das chaves do apartamento de Dario nas coisas de Betina e que invadir\u00e1 o local.<\/p>\n<p>Jaqueline prop\u00f5e a Sara que as duas provem os pratos na aus\u00eancia de Hort\u00eancia. Jaime pede perd\u00e3o a Omar pelo que o fez h\u00e1 anos. Omar responde que n\u00e3o pode perdoar nem ele nem Hort\u00eancia, e que entrar\u00e1 com um processo contra eles. Hort\u00eancia se enfurece com Jaqueline e Sara por terem provado e aprovado os pratos sem sua autoriza\u00e7\u00e3o. Rose pede a Maria que se demitam, j\u00e1 que n\u00e3o \u00e9 justo que Hort\u00eancia sempre as trate mal. Juliano diz a Zulema que Lorena \u00e9 uma excelente vendedora. Bruno diz a Alonso que se interessa por Sara. Alonso envia para Lorena um arranjo de flores e ela se emociona.<\/p>\n<p>(*) edi\u00e7\u00e3o do SBT, Novela \u201cQuerida Inimiga\u201d, sujeito a altera\u00e7\u00e3o de data e conte\u00fado.<\/p>\n","protected":false},"excerpt":{"rendered":"<p>Novela \u201cQuerida Inimiga\u201d resumo 15\/12:\u00a0Omar e Zulema dizem a Sara que n\u00e3o v\u00e3o aceitar a ajuda e nem dinheiro de Hort\u00eancia, e pedem que ela n\u00e3o insista nessa id\u00e9ia. Sara adverte Omar e Zulema que se processarem Hort\u00eancia e seu tio Jaime ela vai embora de casa. Diana e Vasco dizem a Lorena que pensam [&hellip;]<\/p>\n","protected":false},"author":4,"featured_media":99744,"comment_status":"open","ping_status":"closed","sticky":false,"template":"","format":"standard","meta":{"tdm_status":"","tdm_grid_status":"","footnotes":""},"categories":[379,372,343],"tags":[441],"class_list":{"0":"post-102105","1":"post","2":"type-post","3":"status-publish","4":"format-standard","5":"has-post-thumbnail","7":"category-novelas","8":"category-sbt","9":"category-televisao","10":"tag-resumo-do-dia"},"_links":{"self":[{"href":"https:\/\/migracao.redenoticia.com.br\/noticia\/wp-json\/wp\/v2\/posts\/102105","targetHints":{"allow":["GET"]}}],"collection":[{"href":"https:\/\/migracao.redenoticia.com.br\/noticia\/wp-json\/wp\/v2\/posts"}],"about":[{"href":"https:\/\/migracao.redenoticia.com.br\/noticia\/wp-json\/wp\/v2\/types\/post"}],"author":[{"embeddable":true,"href":"https:\/\/migracao.redenoticia.com.br\/noticia\/wp-json\/wp\/v2\/users\/4"}],"replies":[{"embeddable":true,"href":"https:\/\/migracao.redenoticia.com.br\/noticia\/wp-json\/wp\/v2\/comments?post=102105"}],"version-history":[{"count":0,"href":"https:\/\/migracao.redenoticia.com.br\/noticia\/wp-json\/wp\/v2\/posts\/102105\/revisions"}],"wp:featuredmedia":[{"embeddable":true,"href":"https:\/\/migracao.redenoticia.com.br\/noticia\/wp-json\/wp\/v2\/media\/99744"}],"wp:attachment":[{"href":"https:\/\/migracao.redenoticia.com.br\/noticia\/wp-json\/wp\/v2\/media?parent=102105"}],"wp:term":[{"taxonomy":"category","embeddable":true,"href":"https:\/\/migracao.redenoticia.com.br\/noticia\/wp-json\/wp\/v2\/categories?post=102105"},{"taxonomy":"post_tag","embeddable":true,"href":"https:\/\/migracao.redenoticia.com.br\/noticia\/wp-json\/wp\/v2\/tags?post=102105"}],"curies":[{"name":"wp","href":"https:\/\/api.w.org\/{rel}","templated":true}]}}