{"id":102143,"date":"2016-12-16T06:27:55","date_gmt":"2016-12-16T08:27:55","guid":{"rendered":"http:\/\/www.redenoticia.com.br\/noticia\/?p=102143"},"modified":"2016-12-14T20:29:15","modified_gmt":"2016-12-14T22:29:15","slug":"pos-doutorado-em-zootecnia-com-bolsa-da-fapesp","status":"publish","type":"post","link":"https:\/\/migracao.redenoticia.com.br\/noticia\/2016\/pos-doutorado-em-zootecnia-com-bolsa-da-fapesp\/102143","title":{"rendered":"P\u00f3s-doutorado em Zootecnia com Bolsa da FAPESP"},"content":{"rendered":"<p> Ag\u00eancia FAPESP \u2013 A Faculdade de Ci\u00eancias Agr\u00e1rias e Veterin\u00e1rias da Universidade Estadual Paulista (Unesp) em Jabotical oferece uma oportunidade de <em><strong>p\u00f3s-doutorado em Zootecnia<\/strong><\/em> com Bolsa da FAPESP. O prazo de inscri\u00e7\u00e3o encerra em 31 de dezembro.<\/p>\n<p>O bolsista integrar\u00e1 a equipe do Projeto Tem\u00e1tico &#8220;&#8221;.<\/p>\n<p>A bolsa est\u00e1 vinculada aos subprojetos &#8220;Perfil imunol\u00f3gico de bovinos da ra\u00e7a Canchim durante a infec\u00e7\u00e3o natural por Babesia bovis e Babesia bigemina&#8221;, &#8220;Caracteriza\u00e7\u00e3o molecular e avalia\u00e7\u00e3o da virul\u00eancia de Babesia bovis e Babesia bigemina isoladas de bovinos Canchim naturalmente infectados&#8221; e &#8220;Detec\u00e7\u00e3o da transmiss\u00e3o vertical de Babesia bovis e Babesia bigemina: tipifica\u00e7\u00e3o gen\u00e9tica e avalia\u00e7\u00e3o da virul\u00eancia&#8221;.<\/p>\n<p>O projeto ser\u00e1 desenvolvido na Embrapa Pecu\u00e1ria Sudeste, situada na rodovia Washington Luiz, Km 234, Fazenda Canchim, S\u00e3o Carlos, S\u00e3o Paulo.<\/p>\n<p>O objetivo do projeto \u00e9 proporcionar bases para estudos gen\u00e9ticos da resist\u00eancia \u00e0 babesiose bovina, por meio da identifica\u00e7\u00e3o de causas de varia\u00e7\u00e3o no n\u00edvel de infec\u00e7\u00e3o, na resposta imune celular e humoral e na express\u00e3o de genes associados ao processo imune em bovinos infectados naturalmente por Babesia bovis e Babesia bigemina, desde a infec\u00e7\u00e3o do feto por transmiss\u00e3o transplacent\u00e1ria at\u00e9 a fase em que a resposta imune j\u00e1 esteja estabilizada.<\/p>\n<p>Candidatos devem ter s\u00f3lida forma\u00e7\u00e3o em biologia celular e molecular e experi\u00eancia em citometria de fluxo. Os interessados dever\u00e3o enviar curr\u00edculo atualizado, carta de apresenta\u00e7\u00e3o indicando a raz\u00e3o de interesse na bolsa, com um breve relato de sua experi\u00eancia e duas cartas de recomenda\u00e7\u00e3o, em formato PDF, para o pesquisador principal Henrique Nunes de Oliveira no endere\u00e7o holiveira@fcav.unesp.br.<\/p>\n<p>A oportunidade est\u00e1 publicada no endere\u00e7o: .<\/p>\n<p>O selecionado receber\u00e1 Bolsa de P\u00f3s-Doutorado da FAPESP no valor de R$ 6.819,30 mensais e Reserva T\u00e9cnica. A Reserva T\u00e9cnica de Bolsa de PD equivale a 15% do valor anual da bolsa e tem o objetivo de atender a despesas imprevistas e diretamente relacionadas \u00e0 atividade de pesquisa.<\/p>\n<p>Caso o bolsista de PD resida em domic\u00edlio diferente e precise se mudar para a cidade onde se localiza a institui\u00e7\u00e3o-sede da pesquisa, poder\u00e1 ter direito a um Aux\u00edlio-Instala\u00e7\u00e3o.<\/p>\n<p>Mais informa\u00e7\u00f5es sobre a Bolsa de P\u00f3s-Doutorado da FAPESP est\u00e3o dispon\u00edveis em .<\/p>\n<p>Outras vagas de bolsas, em diversas \u00e1reas do conhecimento, est\u00e3o no site .<\/p>\n","protected":false},"excerpt":{"rendered":"<p>Ag\u00eancia FAPESP \u2013 A Faculdade de Ci\u00eancias Agr\u00e1rias e Veterin\u00e1rias da Universidade Estadual Paulista (Unesp) em Jabotical oferece uma oportunidade de p\u00f3s-doutorado em Zootecnia com Bolsa da FAPESP. O prazo de inscri\u00e7\u00e3o encerra em 31 de dezembro. O bolsista integrar\u00e1 a equipe do Projeto Tem\u00e1tico &#8220;&#8221;. A bolsa est\u00e1 vinculada aos subprojetos &#8220;Perfil imunol\u00f3gico de [&hellip;]<\/p>\n","protected":false},"author":2,"featured_media":34767,"comment_status":"open","ping_status":"closed","sticky":false,"template":"","format":"standard","meta":{"tdm_status":"","tdm_grid_status":"","footnotes":""},"categories":[22,370,353],"tags":[],"class_list":{"0":"post-102143","1":"post","2":"type-post","3":"status-publish","4":"format-standard","5":"has-post-thumbnail","7":"category-brasil","8":"category-inscricao","9":"category-oportunidades"},"_links":{"self":[{"href":"https:\/\/migracao.redenoticia.com.br\/noticia\/wp-json\/wp\/v2\/posts\/102143","targetHints":{"allow":["GET"]}}],"collection":[{"href":"https:\/\/migracao.redenoticia.com.br\/noticia\/wp-json\/wp\/v2\/posts"}],"about":[{"href":"https:\/\/migracao.redenoticia.com.br\/noticia\/wp-json\/wp\/v2\/types\/post"}],"author":[{"embeddable":true,"href":"https:\/\/migracao.redenoticia.com.br\/noticia\/wp-json\/wp\/v2\/users\/2"}],"replies":[{"embeddable":true,"href":"https:\/\/migracao.redenoticia.com.br\/noticia\/wp-json\/wp\/v2\/comments?post=102143"}],"version-history":[{"count":0,"href":"https:\/\/migracao.redenoticia.com.br\/noticia\/wp-json\/wp\/v2\/posts\/102143\/revisions"}],"wp:featuredmedia":[{"embeddable":true,"href":"https:\/\/migracao.redenoticia.com.br\/noticia\/wp-json\/wp\/v2\/media\/34767"}],"wp:attachment":[{"href":"https:\/\/migracao.redenoticia.com.br\/noticia\/wp-json\/wp\/v2\/media?parent=102143"}],"wp:term":[{"taxonomy":"category","embeddable":true,"href":"https:\/\/migracao.redenoticia.com.br\/noticia\/wp-json\/wp\/v2\/categories?post=102143"},{"taxonomy":"post_tag","embeddable":true,"href":"https:\/\/migracao.redenoticia.com.br\/noticia\/wp-json\/wp\/v2\/tags?post=102143"}],"curies":[{"name":"wp","href":"https:\/\/api.w.org\/{rel}","templated":true}]}}