{"id":102190,"date":"2016-12-15T18:25:34","date_gmt":"2016-12-15T20:25:34","guid":{"rendered":"http:\/\/www.redenoticia.com.br\/noticia\/?p=102190"},"modified":"2016-12-16T11:04:07","modified_gmt":"2016-12-16T13:04:07","slug":"novela-sol-nascente-resumo-1612-cesar-descobre-a-verdade-sobre-a-morte-de-seu-pai","status":"publish","type":"post","link":"https:\/\/migracao.redenoticia.com.br\/noticia\/2016\/novela-sol-nascente-resumo-1612-cesar-descobre-a-verdade-sobre-a-morte-de-seu-pai\/102190","title":{"rendered":"Novela \u201cSol Nascente\u201d resumo 16\/12: Cesar descobre a verdade sobre a morte de seu pai"},"content":{"rendered":"<p><img loading=\"lazy\" decoding=\"async\" class=\"alignleft size-thumbnail wp-image-91714\" src=\"https:\/\/migracao.redenoticia.com.br\/noticia\/imagens\/sol_nascente_resumo_novela_globo-150x112.jpg\" alt=\"sol_nascente_resumo_novela_globo\" width=\"150\" height=\"112\" srcset=\"https:\/\/migracao.redenoticia.com.br\/noticia\/imagens\/sol_nascente_resumo_novela_globo-150x112.jpg 150w, https:\/\/migracao.redenoticia.com.br\/noticia\/imagens\/sol_nascente_resumo_novela_globo-265x198.jpg 265w\" sizes=\"auto, (max-width: 150px) 100vw, 150px\" \/><strong><em>Novela \u201cSol Nascente\u201d resumo 16\/12<\/em><\/strong>:\u00a0Cesar exige saber de Mocinha o que Tanaka tem a ver com a morte de seu pai. Mocinha conta que o pai dele foi funcion\u00e1rio de Tanaka e demitido ap\u00f3s uma acusa\u00e7\u00e3o de desvio de dinheiro que nunca foi comprovada. Arrasado, o homem se afundou no v\u00edcio em jogos e foi morto por agiotas. Cesar afirma a Mocinha que Alice n\u00e3o entra no plano de vingan\u00e7a. Tanaka convida Mocinha e Cesar para jantar em sua casa. Gaetano implica com Mocinha e Geppina o repreende. Tanaka fica fascinado com Mocinha.<\/p>\n<p>No cap\u00edtulo 094(*), novela \u201cSol Nascente\u201d, sexta-feira, 16 de dezembro \u2013 Cesar exige saber de Mocinha o que Tanaka tem a ver com a morte de seu pai. Sinh\u00e1 avisa a Tanaka que sua irm\u00e3 est\u00e1 em Arraial. Damasceno comenta com Mario que ir\u00e1 interrogar as pessoas na rua.<\/p>\n<p>Vittorio se incomoda ao saber que Milena passou a noite com Ralf. Mocinha conta para Cesar a verdade sobre a morte de seu pai. Alice se aconselha com Chica. Tiago estranha o comportamento de Dora com Yumi. Cesar afirma a Mocinha que Alice n\u00e3o entrar\u00e1 no plano de vingan\u00e7a.<\/p>\n<p>Vittorio conta que se casar\u00e1 com Lenita e Loretta pede que Milena a ajude a separar os dois. Tanaka convida Mocinha e Cesar para jantar em sua casa. Gaetano implica com Mocinha e Geppina o repreende. Elisa pede conselhos para Dora. Jo\u00e3o Amaro envenena a comida de Tanaka. Damasceno pensa em questionar Cesar sobre o dia da explos\u00e3o das traineiras. Tanaka fica fascinado com Mocinha.<\/p>\n<p>(*) edi\u00e7\u00e3o da Rede Globo, Novela \u201cSol Nascente\u201d, sujeito a altera\u00e7\u00e3o de data e conte\u00fado.<\/p>\n","protected":false},"excerpt":{"rendered":"<p>Novela \u201cSol Nascente\u201d resumo 16\/12:\u00a0Cesar exige saber de Mocinha o que Tanaka tem a ver com a morte de seu pai. Mocinha conta que o pai dele foi funcion\u00e1rio de Tanaka e demitido ap\u00f3s uma acusa\u00e7\u00e3o de desvio de dinheiro que nunca foi comprovada. Arrasado, o homem se afundou no v\u00edcio em jogos e foi [&hellip;]<\/p>\n","protected":false},"author":4,"featured_media":91714,"comment_status":"open","ping_status":"closed","sticky":false,"template":"","format":"standard","meta":{"tdm_status":"","tdm_grid_status":"","footnotes":""},"categories":[379,375,343],"tags":[441],"class_list":{"0":"post-102190","1":"post","2":"type-post","3":"status-publish","4":"format-standard","5":"has-post-thumbnail","7":"category-novelas","8":"category-rede-globo","9":"category-televisao","10":"tag-resumo-do-dia"},"_links":{"self":[{"href":"https:\/\/migracao.redenoticia.com.br\/noticia\/wp-json\/wp\/v2\/posts\/102190","targetHints":{"allow":["GET"]}}],"collection":[{"href":"https:\/\/migracao.redenoticia.com.br\/noticia\/wp-json\/wp\/v2\/posts"}],"about":[{"href":"https:\/\/migracao.redenoticia.com.br\/noticia\/wp-json\/wp\/v2\/types\/post"}],"author":[{"embeddable":true,"href":"https:\/\/migracao.redenoticia.com.br\/noticia\/wp-json\/wp\/v2\/users\/4"}],"replies":[{"embeddable":true,"href":"https:\/\/migracao.redenoticia.com.br\/noticia\/wp-json\/wp\/v2\/comments?post=102190"}],"version-history":[{"count":0,"href":"https:\/\/migracao.redenoticia.com.br\/noticia\/wp-json\/wp\/v2\/posts\/102190\/revisions"}],"wp:featuredmedia":[{"embeddable":true,"href":"https:\/\/migracao.redenoticia.com.br\/noticia\/wp-json\/wp\/v2\/media\/91714"}],"wp:attachment":[{"href":"https:\/\/migracao.redenoticia.com.br\/noticia\/wp-json\/wp\/v2\/media?parent=102190"}],"wp:term":[{"taxonomy":"category","embeddable":true,"href":"https:\/\/migracao.redenoticia.com.br\/noticia\/wp-json\/wp\/v2\/categories?post=102190"},{"taxonomy":"post_tag","embeddable":true,"href":"https:\/\/migracao.redenoticia.com.br\/noticia\/wp-json\/wp\/v2\/tags?post=102190"}],"curies":[{"name":"wp","href":"https:\/\/api.w.org\/{rel}","templated":true}]}}